{"id":20487,"date":"2014-01-13T20:10:07","date_gmt":"2014-01-14T01:10:07","guid":{"rendered":"http:\/\/contraluzcucuta.co\/?p=20487"},"modified":"2014-01-13T20:10:07","modified_gmt":"2014-01-14T01:10:07","slug":"manuel-fernando-tolosa-pide-carta-de-libertad-deportiva","status":"publish","type":"post","link":"https:\/\/contraluzcucuta.co\/?p=20487","title":{"rendered":"Manuel Fernando Tolosa pide carta de libertad deportiva"},"content":{"rendered":"<p>&nbsp;<\/p>\n<p><b>C\u00daCUTA.-<\/b> La falta de respaldo deportivo y econ\u00f3mico llev\u00f3 a Manuel Fernando Tolosa a viajar a Medell\u00edn para enrolarse en las filas de la Liga de Arco de Antioquia. Hoy, siete meses despu\u00e9s, regres\u00f3 a C\u00facuta no para ponerse a \u00f3rdenes de los entrenadores de Norte de Santander, sino para pedir la carta de libertad deportiva.<\/p>\n<p>Entre los planes inmediatos est\u00e1 el mantener la vinculaci\u00f3n con la organizaci\u00f3n paisa, as\u00ed ponga en riesgo la participaci\u00f3n en los pr\u00f3ximos Juegos Nacionales, que dan boleto directo a los Ol\u00edmpicos.<\/p>\n<p>El comunicador social y ahora t\u00e9cnico en administraci\u00f3n deportiva est\u00e1 seguro del paso que va a dar, porque \u00a0en la ciudad no le ve futuro a la carrera que ha escogido.<\/p>\n<p><b>\u00bfC\u00f3mo le ha ido en Antioquia?<\/b><\/p>\n<p>Logramos el rendimiento que quer\u00edamos. Ahora tenemos que dar m\u00e1s, porque pasamos de novatos a profesional, es de grandes ligas y se competir\u00e1 con rivales que han ido a Ol\u00edmpicos y mundiales. La idea es mantenerme. Soy sexto en novatos, con aspiraciones de estar entre los 10 primeros del pa\u00eds. El avance t\u00e9cnico, f\u00edsico y sicol\u00f3gico ha sido grande.<\/p>\n<p><b>\u00bfQu\u00e9 puntaje ha obtenido en la etapa de preparaci\u00f3n?<\/b><\/p>\n<p>Se cumplieron los objetivos. El primero era pasar de los 1100 puntos, de acuerdo con las expectativas del entrenador \u00c1ngel Barrios. Los ocho primeros superamos los r\u00e9cords nacionales. En el acumulado hice 1227 puntos. Comet\u00ed un error que me cobraron con toda, y de la posibilidad de ganar plata ca\u00ed al sexto puesto.<\/p>\n<p><b>\u00bfC\u00f3mo se ha sentido con el trabajo en la Liga de Antioquia?<\/b><\/p>\n<p>El avance es impresionante. Entrenar con la selecci\u00f3n Colombia es un ritmo diferente. Si no se da lo m\u00e1ximo en cada entrenamiento, en cada disparo, costar\u00e1 puntos y la clasificaci\u00f3n. La preparaci\u00f3n f\u00edsica es mixta, con combinaci\u00f3n de disparos para mantener la presi\u00f3n de la competencia.<\/p>\n<p><b>\u00bfCu\u00e1ntos son los rivales?<\/b><\/p>\n<p>Hay entre 80 y 120 deportistas entren\u00e1ndose los fines de semana. Entreno las ocho horas diarias que amerita el alto rendimiento con 20 compa\u00f1eros, en la ma\u00f1ana, y 40 en la tarde.<\/p>\n<p><b>\u00bfDe d\u00f3nde proceden los deportistas?<\/b><\/p>\n<p>Hay de Risaralda y Bol\u00edvar que llegaron por la parte acad\u00e9mica y en busca de respaldo para llegar al grupo elite.<\/p>\n<p><b>\u00bfCuesta mucho ser cucute\u00f1o para trabajar en Medell\u00edn?<\/b><\/p>\n<p>La verdad, no. El paisa es regionalista, s\u00ed, s\u00ed lo es. Pero cuando usted sabe trabajar y lleva el ritmo se pierde el regionalismo.<\/p>\n<p><b>\u00bfC\u00f3mo se la lleva con los entrenadores?<\/b><\/p>\n<p>Espectacular. Me han colaborado en todos los sentidos.<\/p>\n<p><b>\u00bfQu\u00e9 piensa ahora de la Liga de Norte de Santander?<\/b><\/p>\n<p>Creo que a Norte de Santander le falta direcci\u00f3n. Aqu\u00ed hay talento y se est\u00e1 desaprovechando sin que se den cuenta, no conocen los deportes, no hay apoyo de las entidades deportivas para el alto rendimiento o no hay la capacidad t\u00e9cnica para llegar a la elite.<\/p>\n<p><b>\u00bfQu\u00e9 va a pasar con usted? \u00bfSe queda o se va?<\/b><\/p>\n<p>En este momento estoy solicitando la carta de libertad deportiva, porque voy a cambiar de club, de Liga. Voy a poner en riesgo Juegos Nacionales, que es el \u00faltimo clasificatorio a los Ol\u00edmpicos, porque no siento respaldo.<\/p>\n<p><b>RAFAEL ANTONIO PAB\u00d3N<\/b><\/p>\n<p><a href=\"mailto:rafaelpabon58@hotmail.com\"><b>rafaelpabon58@hotmail.com<\/b><\/a><b><\/b><\/p>\n<p><b>Fotos: MARCO S\u00daA<\/b><\/p>\n<p><b>\u00a0<\/b> <\/p>\n","protected":false},"excerpt":{"rendered":"<p>&nbsp; C\u00daCUTA.- La falta de respaldo deportivo y econ\u00f3mico llev\u00f3 a Manuel Fernando Tolosa a viajar a Medell\u00edn para enrolarse en las filas de la Liga de Arco de Antioquia. Hoy, siete meses despu\u00e9s, regres\u00f3 a C\u00facuta no para ponerse a \u00f3rdenes de los entrenadores de Norte de Santander, sino para pedir la carta de &hellip;<\/p>\n","protected":false},"author":1,"featured_media":20488,"comment_status":"open","ping_status":"open","sticky":false,"template":"","format":"standard","meta":{"footnotes":""},"categories":[28],"tags":[674],"class_list":["post-20487","post","type-post","status-publish","format-standard","has-post-thumbnail","hentry","category-vistazo-deportivo","tag-manuel-fernando-tolosa"],"_links":{"self":[{"href":"https:\/\/contraluzcucuta.co\/index.php?rest_route=\/wp\/v2\/posts\/20487","targetHints":{"allow":["GET"]}}],"collection":[{"href":"https:\/\/contraluzcucuta.co\/index.php?rest_route=\/wp\/v2\/posts"}],"about":[{"href":"https:\/\/contraluzcucuta.co\/index.php?rest_route=\/wp\/v2\/types\/post"}],"author":[{"embeddable":true,"href":"https:\/\/contraluzcucuta.co\/index.php?rest_route=\/wp\/v2\/users\/1"}],"replies":[{"embeddable":true,"href":"https:\/\/contraluzcucuta.co\/index.php?rest_route=%2Fwp%2Fv2%2Fcomments&post=20487"}],"version-history":[{"count":1,"href":"https:\/\/contraluzcucuta.co\/index.php?rest_route=\/wp\/v2\/posts\/20487\/revisions"}],"predecessor-version":[{"id":20489,"href":"https:\/\/contraluzcucuta.co\/index.php?rest_route=\/wp\/v2\/posts\/20487\/revisions\/20489"}],"wp:featuredmedia":[{"embeddable":true,"href":"https:\/\/contraluzcucuta.co\/index.php?rest_route=\/wp\/v2\/media\/20488"}],"wp:attachment":[{"href":"https:\/\/contraluzcucuta.co\/index.php?rest_route=%2Fwp%2Fv2%2Fmedia&parent=20487"}],"wp:term":[{"taxonomy":"category","embeddable":true,"href":"https:\/\/contraluzcucuta.co\/index.php?rest_route=%2Fwp%2Fv2%2Fcategories&post=20487"},{"taxonomy":"post_tag","embeddable":true,"href":"https:\/\/contraluzcucuta.co\/index.php?rest_route=%2Fwp%2Fv2%2Ftags&post=20487"}],"curies":[{"name":"wp","href":"https:\/\/api.w.org\/{rel}","templated":true}]}}