{"id":20478,"date":"2014-01-12T22:20:15","date_gmt":"2014-01-13T03:20:15","guid":{"rendered":"http:\/\/contraluzcucuta.co\/?p=20478"},"modified":"2014-01-12T22:20:15","modified_gmt":"2014-01-13T03:20:15","slug":"2013-satisfactorio-para-justicia-y-paz-en-norte-de-santander","status":"publish","type":"post","link":"https:\/\/contraluzcucuta.co\/?p=20478","title":{"rendered":"2013, satisfactorio para justicia y paz en Norte de Santander"},"content":{"rendered":"<p><b style=\"line-height: 1.5em;\">C\u00daCUTA.-<\/b><i style=\"line-height: 1.5em;\"> <\/i><span style=\"line-height: 1.5em;\">El fiscal 54 de la Unidad de Justicia y Paz de la Fiscal\u00eda General de la Naci\u00f3n, seccional C\u00facuta, \u00c9dgar Augusto Carvajal Paipa, hizo un balance del trabajo cumplido durante 2013 en el inter\u00e9s de sacar adelante el proceso en Norte de Santander en beneficio de decenas de v\u00edctimas del conflicto armado interno.<\/span><\/p>\n<p>El funcionario encargado de investigar los delitos cometidos por el Bloque Catatumbo de las Autodefensas Unidas de Colombia (Auc) explic\u00f3 que como consecuencia de unos instrumento legales y administrativos dispuestos por el Fiscal General de la Naci\u00f3n, Eduardo Montealegre, que permiti\u00f3 implementar unos esquemas de priorizaci\u00f3n, el a\u00f1o que termin\u00f3 fue satisfactorio para el proceso de Justicia y Paz en la regi\u00f3n.<\/p>\n<p>La llegada de Juan Pablo Hinestrosa V\u00e9lez, a la Unidad, imprimi\u00f3 una nueva din\u00e1mica de trabajo e hizo posible los deseos para que el proceso avanzara sustancialmente, a lo largo de 2013.<\/p>\n<p>En ese sentido, se priorizaron 14 comandantes m\u00e1ximos de diferentes organizaciones de autodefensas y guerrilla desmovilizados. Se avanz\u00f3 en lo que compete al Bloque Catatumbo, que hace parte del grupo de trabajo 1, con Salvatore Mancuso a la cabeza, como m\u00e1ximo comandante, con Jorge\u00a0 Iv\u00e1n Laverde Zapata, \u2018El Iguano\u2019 y Jos\u00e9 Bernardo\u00a0 Lozada Artuz, \u2018Mauro\u2019, comandantes de frente del Bloque Catatumbo.<\/p>\n<p>De los 1524 hechos imputados y sobre los que se impusieron medidas de aseguramiento contra Mancuso, Laverde \u00a0y Lozada, y otros comandantes medios de los bloques Norte, \u00a0C\u00f3rdoba y Montes de Mar\u00eda, se concluy\u00f3 en la segunda semana de diciembre de 2013 esa diligencia de imputaci\u00f3n, pero todo el a\u00f1o se invirti\u00f3 en escoger los casos, seleccionarlos y documentarlos al punto de llevarlos a imputaci\u00f3n, dijo Carvajal Paipa.<\/p>\n<p>En el caso del Bloque Catatumbo, se llevaron 120 desapariciones forzadas, que comprenden 140 v\u00edctimas. Igualmente, 400 casos de desplazamientos forzados, 40 de violaciones sexuales y 40 de reclutamiento de menores de edad.<\/p>\n<p>Es toda una gama de ejes tem\u00e1ticos o conductas definidas como patrones de macrocriminalidad, desaparici\u00f3n forzada, deslazamiento forzado, reclutamiento de menores y delitos de g\u00e9nero (violencia sexual). Ese ser\u00e1 el insumo para avanzar\u00a0 en los casos pendientes de llevar a la magistratura, precis\u00f3 el Fiscal.<\/p>\n<p>Se concluy\u00f3 la audiencia con Salvatore Mancuso G\u00f3mez y los comandantes Jorge Iv\u00e1n Laverde, Jos\u00e9 Bernardo\u00a0 Lozada, Ram\u00f3n de las Aguas Ospino, alias \u2018Chaca\u2019; Isa\u00edas Montes Hern\u00e1ndez, alias \u2018Mauricio\u00b4 o \u00b4J\u00fanior\u00b4, y\u00a0 Leni Giovanni Palma Berm\u00fadez, alias \u2018Alex\u2019, que se uni\u00f3 a la sentencia por 146 hechos.<\/p>\n<p>Se espera que en enero de 2014 resulten esas sentencias, como respuesta al clamor de las v\u00edctimas y la sociedad, de que se haga justicia, se condene a esas organizaciones y se llegue a la reparaci\u00f3n del da\u00f1o que causaron.<\/p>\n<p>Se trata de una sentencia parcial, pero es la primera que se espera contra Salvatore Mancuso en Colombia. Con este jefe paramilitar y el Bloque Catatumbo en general se ha avanzado m\u00e1s que con otros bloques\u00a0 en cuanto a que ha sido la intenci\u00f3n y el inter\u00e9s, de que se esclarezca lo que\u00a0 ocurri\u00f3 en Norte de Santander con el accionar de ese grupo de autodefensas desde mayo de 1999 cuando llegaron hasta cuando se desmovilizaron el 10 de diciembre de 2004.<\/p>\n<p><b>Desaparici\u00f3n Forzada<\/b><\/p>\n<p>El coordinador de la Unidad de Justicia y Paz en el departamento explic\u00f3 que la desaparici\u00f3n forzada es la conducta y el delito m\u00e1s terrible que se pueda conocer en una sociedad, sin desconocer que los homicidios y otros delitos tambi\u00e9n son graves y que no deben suceder. Tiene como particularidad la sensaci\u00f3n que afrontan las v\u00edctimas, porque emocionalmente esperan respuesta de qu\u00e9 pudo pasar con el ser querido. Ese es el delito m\u00e1s detestable y condenable en la esfera del Derecho Internacional, seg\u00fan Carvajal.<\/p>\n<p>En Colombia no se hab\u00edan puesto los ojos de manera real a esa clase de conductas, dado que ese fen\u00f3meno ocurre hace\u00a0 muchos a\u00f1os. Este es uno de los pa\u00edses donde m\u00e1s se desaparece a personas de manera forzada.<\/p>\n<p>Desde la creaci\u00f3n del proceso de Justicia y Paz se han conocido las pr\u00e1cticas de ese delito que est\u00e1 marcado en Norte de Santander como ultimar a las v\u00edctimas para lanzarlas a los r\u00edos, matar a las personas, descuartizarlas y enterrarlas o enterrarlas de cuerpo completo, y una tercera pr\u00e1ctica que consist\u00eda en quitarles la vida, enterrarlas para posteriormente inhumarlas y quemar los cuerpos en\u00a0\u00a0 hornos crematorios improvisados, \u201cpr\u00e1ctica macabra que no pude volver a suceder en la regi\u00f3n\u201d.<\/p>\n<p>La responsabilidad de 200 hechos de esa naturaleza fueron confesados por los postulados,\u00a0 imputados en Justicia y Paz en C\u00facuta contra los comandantes y dem\u00e1s integrantes del Bloque Catatumbo desmovilizados.<\/p>\n<p>Esa pr\u00e1ctica contin\u00faa en el departamento a pesar de cesar la actividad criminal por parte de las Autodefensas Unidas de Colombia, porque en Norte de Santander pululan muchos actores armados, que incluyen agentes del Estado, que\u00a0 tambi\u00e9n tienen esa intenci\u00f3n en algunos casos de recurrir a la desaparici\u00f3n forzada, como ha quedado consignado en la historia del pa\u00eds.<\/p>\n<p>A lo largo de d\u00e9cadas se ha escuchado hablar de la \u2018mano negra\u2019, \u2018escuadrones de la muerte\u00b4,\u00a0 \u2018escuadrones\u00a0 de justicia privada\u2019, y por esa situaci\u00f3n, mientras de una manera efectiva no se enfrente esa situaci\u00f3n, no se combata a esas organizaciones, incluyendo a agentes del estado que por ideales pol\u00edticos, ideolog\u00edas o por otros intereses y prop\u00f3sitos quieren sacar del camino a sus v\u00edctimas.<\/p>\n<p><b>Dolor de las v\u00edctimas<\/b><\/p>\n<p>El fiscal 54 de la Unidad de Justicia y Paz de la Fiscal\u00eda General de la Naci\u00f3n, seccional C\u00facuta, \u00c9dgar Augusto Carvajal Paipa, confes\u00f3 que lo ha marcado en su trabajo diario el dolor de las v\u00edctimas. Ver que a\u00fan no encuentran reparaci\u00f3n para el da\u00f1o sufrido, y los casos concretos de personas victimizadas por los miembros de las Auc\u00a0 en Norte de Santander, como violencia sexual, las pr\u00e1cticas de asesinar a las personas solt\u00e1ndoles piedras sobre la cabeza,\u00a0 muertes a garrote o degollando, como lo confiesan Gilmar Mena y Wilfredo Esquivel Ruiz, alias \u2018El Osito\u2019, el primero de ellos especialista en matar ni\u00f1as en Tib\u00fa (Norte de Santander).<\/p>\n<p>Es conmovedor el dolor de las v\u00edctimas y la barbarie que confiesan en las audiencias los postulados que est\u00e1n en el proceso de Justicia y Paz, puntualiz\u00f3.<\/p>\n<p><b>Fundaci\u00f3n Progresar<\/b> <\/p>\n","protected":false},"excerpt":{"rendered":"<p>C\u00daCUTA.- El fiscal 54 de la Unidad de Justicia y Paz de la Fiscal\u00eda General de la Naci\u00f3n, seccional C\u00facuta, \u00c9dgar Augusto Carvajal Paipa, hizo un balance del trabajo cumplido durante 2013 en el inter\u00e9s de sacar adelante el proceso en Norte de Santander en beneficio de decenas de v\u00edctimas del conflicto armado interno. El &hellip;<\/p>\n","protected":false},"author":1,"featured_media":20479,"comment_status":"open","ping_status":"open","sticky":false,"template":"","format":"standard","meta":{"footnotes":""},"categories":[4,5],"tags":[1092,1091],"class_list":["post-20478","post","type-post","status-publish","format-standard","has-post-thumbnail","hentry","category-barra","category-justicia-transicional","tag-el-iguano","tag-salvatore-mancuso"],"_links":{"self":[{"href":"https:\/\/contraluzcucuta.co\/index.php?rest_route=\/wp\/v2\/posts\/20478","targetHints":{"allow":["GET"]}}],"collection":[{"href":"https:\/\/contraluzcucuta.co\/index.php?rest_route=\/wp\/v2\/posts"}],"about":[{"href":"https:\/\/contraluzcucuta.co\/index.php?rest_route=\/wp\/v2\/types\/post"}],"author":[{"embeddable":true,"href":"https:\/\/contraluzcucuta.co\/index.php?rest_route=\/wp\/v2\/users\/1"}],"replies":[{"embeddable":true,"href":"https:\/\/contraluzcucuta.co\/index.php?rest_route=%2Fwp%2Fv2%2Fcomments&post=20478"}],"version-history":[{"count":1,"href":"https:\/\/contraluzcucuta.co\/index.php?rest_route=\/wp\/v2\/posts\/20478\/revisions"}],"predecessor-version":[{"id":20480,"href":"https:\/\/contraluzcucuta.co\/index.php?rest_route=\/wp\/v2\/posts\/20478\/revisions\/20480"}],"wp:featuredmedia":[{"embeddable":true,"href":"https:\/\/contraluzcucuta.co\/index.php?rest_route=\/wp\/v2\/media\/20479"}],"wp:attachment":[{"href":"https:\/\/contraluzcucuta.co\/index.php?rest_route=%2Fwp%2Fv2%2Fmedia&parent=20478"}],"wp:term":[{"taxonomy":"category","embeddable":true,"href":"https:\/\/contraluzcucuta.co\/index.php?rest_route=%2Fwp%2Fv2%2Fcategories&post=20478"},{"taxonomy":"post_tag","embeddable":true,"href":"https:\/\/contraluzcucuta.co\/index.php?rest_route=%2Fwp%2Fv2%2Ftags&post=20478"}],"curies":[{"name":"wp","href":"https:\/\/api.w.org\/{rel}","templated":true}]}}