{"id":20475,"date":"2014-01-12T21:52:40","date_gmt":"2014-01-13T02:52:40","guid":{"rendered":"http:\/\/contraluzcucuta.co\/?p=20475"},"modified":"2014-01-12T21:52:40","modified_gmt":"2014-01-13T02:52:40","slug":"que-paso-con-cesar-jerez-el-lider-del-movimiento-campesino-en-tibu","status":"publish","type":"post","link":"https:\/\/contraluzcucuta.co\/?p=20475","title":{"rendered":"\u00bfQu\u00e9 pas\u00f3 con C\u00e9sar Jerez, el l\u00edder del movimiento campesino en Tib\u00fa?"},"content":{"rendered":"<p><b style=\"line-height: 1.5em;\">TIB\u00da.-<\/b><span style=\"line-height: 1.5em;\"> Varios meses han pasado desde el fin de los bloqueos en El Catatumbo y que afectaron la econom\u00eda y llevaron a Tib\u00fa y los habitantes al borde del colapso. De un momento a otro, el rumor de un \u2018Paro campesino\u2019 se convirti\u00f3 en realidad y tom\u00f3 por sorpresa a propios y extra\u00f1os en el municipio petrolero.<\/span><\/p>\n<p>Lo que m\u00e1s caus\u00f3 sorpresa fue la presencia de un hombre, quien aseguraba representar al movimiento de campesinos movilizados hacia el casco urbano y los alrededores. Extra\u00f1amente, ninguno de los labriegos lo conoc\u00eda. C\u00e9sar Jerez, an\u00f3nimo antes del bloqueo que dur\u00f3 53 d\u00edas, \u00a0se convirti\u00f3 en la voz sonante en las constantes reuniones que sostuvieron con las delegaciones que el Gobierno envi\u00f3 a Tib\u00fa para buscar soluci\u00f3n a la par\u00e1lisis.<\/p>\n<p>C\u00e9sar Jerez, de 42 a\u00f1os, naci\u00f3 en Cimitarra (Santander). Es ge\u00f3logo de la Academia Estatal Azerbaijana de Petr\u00f3leos de la antigua Uni\u00f3n Sovi\u00e9tica. En Bak\u00fa (Azerbaiy\u00e1n) obtuvo la maestr\u00eda en geolog\u00eda industrial de petr\u00f3leo y gas. En Espa\u00f1a vivi\u00f3 un tiempo.<\/p>\n<p>Fundador de la p\u00e1gina web Prensa Latina (medio alternativo).\u00a0\u00a0Profesor y traductor de ruso,\u00a0\u00a0columnista de medios alternativos de comunicaci\u00f3n, entre ellos la revista Rebeli\u00f3n, adem\u00e1s de tener estudios de gesti\u00f3n y planificaci\u00f3n del desarrollo urbano y regional en la Escuela Superior de Administraci\u00f3n P\u00fablica (Esap) de Bogot\u00e1.<\/p>\n<p>Desde 1998, es miembro de la Asociaci\u00f3n Campesina del Valle del R\u00edo Cimitarra (ACVC) y coordina el equipo nacional de la Asociaci\u00f3n Nacional de Zonas de Reserva Campesina (Anzorc).<\/p>\n<p>Este personaje lleg\u00f3 con bajo perfil a Tib\u00fa, convoc\u00f3 uno a uno a campesinos de la regi\u00f3n y logr\u00f3 reunir un gran n\u00famero para implantar su ideolog\u00eda revolucionaria y su cometido, hacer que una amplia zona de El Catatumbo sea declarada Zona de Reserva Campesina.<\/p>\n<p>Mientras el bloqueo, C\u00e9sar Jerez y Juan Carlos Quintero, vocero de la Asociaci\u00f3n de Campesinos del Catatumbo (Ascamcat), fueron las voces autorizadas en reuniones y ruedas de prensa llevadas a cabo en el desarrollo de las conversaciones entre l\u00edderes campesinos y delegados del Gobierno, encabezados por el vicepresidente Angelino Garz\u00f3n.<\/p>\n<p>As\u00ed como fue inexplicable la aparici\u00f3n en El Catatumbo, lo fue tambi\u00e9n su desaparici\u00f3n. Muchos habitantes no saben del paradero, ni de la suerte de estos dos hombres que \u201cvinieron a causar da\u00f1os y a vernos la cara\u201d, como lo asegur\u00f3 un residente de Tib\u00fa, quien por seguridad no dio el nombre.<\/p>\n<p>M\u00e1s de seis meses despu\u00e9s del levantamiento del paro, lo \u00fanico que le dej\u00f3 a Tib\u00fa y los habitantes es una crisis econ\u00f3mica que mantiene a decenas de tibuyanos en proceso de recuperaci\u00f3n y una enorme decepci\u00f3n, porque de las miles de promesas hechas en medio del bloqueo, solo quedaron en eso, en promesas.<\/p>\n<p><b>ELIBARDO LE\u00d3N ESTEVEZ\u00a0<\/b><\/p>\n<p><b><a href=\"mailto:eleones89@hotmail.com\">eleones89@hotmail.com<\/a><\/b><\/p>\n<p>&nbsp; <\/p>\n","protected":false},"excerpt":{"rendered":"<p>TIB\u00da.- Varios meses han pasado desde el fin de los bloqueos en El Catatumbo y que afectaron la econom\u00eda y llevaron a Tib\u00fa y los habitantes al borde del colapso. De un momento a otro, el rumor de un \u2018Paro campesino\u2019 se convirti\u00f3 en realidad y tom\u00f3 por sorpresa a propios y extra\u00f1os en el &hellip;<\/p>\n","protected":false},"author":1,"featured_media":20476,"comment_status":"open","ping_status":"open","sticky":false,"template":"","format":"standard","meta":{"footnotes":""},"categories":[74,32],"tags":[1090,710],"class_list":["post-20475","post","type-post","status-publish","format-standard","has-post-thumbnail","hentry","category-aula-universitaria","category-recorrido-por-la-region","tag-cesar-jerez","tag-crisis-en-el-catatumbo"],"_links":{"self":[{"href":"https:\/\/contraluzcucuta.co\/index.php?rest_route=\/wp\/v2\/posts\/20475","targetHints":{"allow":["GET"]}}],"collection":[{"href":"https:\/\/contraluzcucuta.co\/index.php?rest_route=\/wp\/v2\/posts"}],"about":[{"href":"https:\/\/contraluzcucuta.co\/index.php?rest_route=\/wp\/v2\/types\/post"}],"author":[{"embeddable":true,"href":"https:\/\/contraluzcucuta.co\/index.php?rest_route=\/wp\/v2\/users\/1"}],"replies":[{"embeddable":true,"href":"https:\/\/contraluzcucuta.co\/index.php?rest_route=%2Fwp%2Fv2%2Fcomments&post=20475"}],"version-history":[{"count":1,"href":"https:\/\/contraluzcucuta.co\/index.php?rest_route=\/wp\/v2\/posts\/20475\/revisions"}],"predecessor-version":[{"id":20477,"href":"https:\/\/contraluzcucuta.co\/index.php?rest_route=\/wp\/v2\/posts\/20475\/revisions\/20477"}],"wp:featuredmedia":[{"embeddable":true,"href":"https:\/\/contraluzcucuta.co\/index.php?rest_route=\/wp\/v2\/media\/20476"}],"wp:attachment":[{"href":"https:\/\/contraluzcucuta.co\/index.php?rest_route=%2Fwp%2Fv2%2Fmedia&parent=20475"}],"wp:term":[{"taxonomy":"category","embeddable":true,"href":"https:\/\/contraluzcucuta.co\/index.php?rest_route=%2Fwp%2Fv2%2Fcategories&post=20475"},{"taxonomy":"post_tag","embeddable":true,"href":"https:\/\/contraluzcucuta.co\/index.php?rest_route=%2Fwp%2Fv2%2Ftags&post=20475"}],"curies":[{"name":"wp","href":"https:\/\/api.w.org\/{rel}","templated":true}]}}