{"id":20465,"date":"2014-01-11T16:52:02","date_gmt":"2014-01-11T21:52:02","guid":{"rendered":"http:\/\/contraluzcucuta.co\/?p=20465"},"modified":"2014-01-13T22:42:40","modified_gmt":"2014-01-14T03:42:40","slug":"falta-un-debate-publico-sobre-las-soluciones-que-exige-lo-nuestro","status":"publish","type":"post","link":"https:\/\/contraluzcucuta.co\/?p=20465","title":{"rendered":"Falta un debate p\u00fablico sobre las soluciones que exige lo  nuestro"},"content":{"rendered":"<p><span style=\"line-height: 1.5em;\">1.-En medio del m\u00e1s desesperante y oprobioso silencio que generan la pasividad, indiferencia y desidia, no solo de los que representan el poder o de los que lo detentan, coparticipan y viven de \u00e9l &#8211;\u00a0 por muy diversas maneras, factores y circunstancias &#8211; la ciudad, la regi\u00f3n y la frontera est\u00e1n gestando \u2013con esa soterrada actitud y conducta \u2013 momentos de incertidumbre y de una gravedad que no est\u00e1 siendo evaluada, ni tenida en cuenta, porque lo predominante ahora y por la vecindad del proceso electoral es el incre\u00edble\u00a0 y abusivo empapelamiento de postes, muros, paredes y veh\u00edculos que destacan el af\u00e1n de llegar hasta los mandos superiores de quienes se anuncian como\u00a0 portadores de las soluciones que se requieren para apuntalar la ciudad, impulsar la regi\u00f3n y hacer de la frontera una noci\u00f3n pr\u00e1ctica de entendimientos y de ejemplarizante integraci\u00f3n.<\/span><\/p>\n<p>Ante eso, que amerita atenci\u00f3n y un tratamiento urgente y acorde con las posibilidades, ser\u00eda interesante, aleccionador y abiertamente positivo que en un acto democr\u00e1tico y demostrativo del verdadero afecto por su tierra y pobladores los aspirantes al Senado y a la C\u00e1mara de Representantes \u2013como miembros y voceros de los grupos pol\u00edticos y religiosos a los que pertenecen &#8211; \u00a0explicaran aut\u00e9nticamente\u00a0 a la comunidad las acciones y los proyectos que se comprometen a cumplir, con las razones y los fundamentos en los que basan y sustentan su talante y representatividad.<\/p>\n<p>No dudamos que un gesto educador y constructivo como este, permitir\u00eda reconocer la magnitud de la situaci\u00f3n que se experimenta y el grado real de expectativas para opciones y alternativas que tengan factibilidad en estas fajas territoriales que siguen siendo marginales, dependientes y abandonadas, como es f\u00e1cil demostrarlo. Adem\u00e1s: la oportunidad de saber: el hacia d\u00f3nde vamos.<\/p>\n<p>2.- Anotamos esto, porque a los partidos y a los credos \u2013 que ahora les dio por hacer gesti\u00f3n pol\u00edtica \u2013 no exponen programas, ni empe\u00f1os sobre lo que debe ser una pol\u00edtica para las fronteras, ni para ciudades y regiones, como las que representan C\u00facuta y Norte de Santander.<\/p>\n<p>Si esto no es as\u00ed, que expongan, y de manera concreta y clara, las\u00a0 diferencias\u00a0\u00a0\u00a0 ideol\u00f3gicas y propuestas program\u00e1ticas\u00a0\u00a0 entre liberales y conservadores, o entre los partidos de colores o de vocales\u00a0 e incluida\u00a0 la llamada oposici\u00f3n, en sus divisiones. Y, lo anotamos, porque lo que hay son nombres y no ideas.<\/p>\n<p>3.- Si reconocer que solo en las calles de C\u00facuta hay m\u00e1s de 250.000 vendedores ambulantes informales \u2013sin contabilizar otras actividades y campos &#8211; y que no hay a t\u00e9rminos prontos soluciones de empleo, originando o continuando siendo patente esta situaci\u00f3n un enorme y grave problema social, y que no poseemos normas, procedimientos, ni reglamentaciones que den origen a incentivos, est\u00edmulos y mecanismos promotores del cambio y trasformaci\u00f3n social, econ\u00f3mica y pol\u00edtica que requiere y le urge a\u00a0 C\u00facuta, la regi\u00f3n y la frontera, hay que confesar y constatar que hay una inoperancia funcional y un inocultable problema por resolver, cuya tarea es de todos, sin excepciones.<\/p>\n<p>Ojal\u00e1 la plaza p\u00fablica, los recintos acad\u00e9micos\u00a0 y la aut\u00e9ntica democracia presencial y participativa den testimonio real y valedero de lo que se necesita\u00a0 y ans\u00eda, porque los problemas existentes\u00a0 requieren soluciones. Y, cualquier postergaci\u00f3n o equivocada elecci\u00f3n, dejar\u00e1 implicaciones serias para todos.\u00a0\u00a0\u00a0\u00a0 \u00a0\u00a0\u00a0\u00a0\u00a0\u00a0\u00a0\u00a0\u00a0\u00a0\u00a0\u00a0\u00a0\u00a0\u00a0\u00a0\u00a0\u00a0\u00a0\u00a0\u00a0\u00a0\u00a0\u00a0\u00a0\u00a0\u00a0\u00a0\u00a0\u00a0\u00a0\u00a0\u00a0\u00a0\u00a0\u00a0\u00a0\u00a0\u00a0\u00a0\u00a0\u00a0\u00a0\u00a0\u00a0\u00a0\u00a0\u00a0\u00a0\u00a0\u00a0\u00a0\u00a0\u00a0\u00a0\u00a0\u00a0\u00a0\u00a0\u00a0\u00a0\u00a0\u00a0\u00a0\u00a0\u00a0\u00a0\u00a0\u00a0\u00a0\u00a0\u00a0\u00a0\u00a0\u00a0\u00a0\u00a0\u00a0\u00a0\u00a0\u00a0\u00a0\u00a0\u00a0\u00a0\u00a0\u00a0\u00a0\u00a0\u00a0\u00a0\u00a0\u00a0\u00a0\u00a0\u00a0\u00a0\u00a0\u00a0\u00a0\u00a0\u00a0\u00a0\u00a0\u00a0\u00a0\u00a0\u00a0\u00a0\u00a0\u00a0\u00a0\u00a0\u00a0\u00a0\u00a0\u00a0\u00a0\u00a0\u00a0\u00a0\u00a0<b>JOSE NEIRA REY<\/b><\/p>\n<p><b><a href=\"mailto:jneirarey@hotmail.com\">jneirarey@hotmail.com<\/a><\/b><\/p>\n<p><b>Notas al margen<\/b><\/p>\n<p>&nbsp; <\/p>\n","protected":false},"excerpt":{"rendered":"<p>1.-En medio del m\u00e1s desesperante y oprobioso silencio que generan la pasividad, indiferencia y desidia, no solo de los que representan el poder o de los que lo detentan, coparticipan y viven de \u00e9l &#8211;\u00a0 por muy diversas maneras, factores y circunstancias &#8211; la ciudad, la regi\u00f3n y la frontera est\u00e1n gestando \u2013con esa soterrada &hellip;<\/p>\n","protected":false},"author":1,"featured_media":20466,"comment_status":"open","ping_status":"open","sticky":false,"template":"","format":"standard","meta":{"footnotes":""},"categories":[14,32],"tags":[303,1087],"class_list":["post-20465","post","type-post","status-publish","format-standard","has-post-thumbnail","hentry","category-articulistas","category-recorrido-por-la-region","tag-jose-neira-rey","tag-propaganda-politica"],"_links":{"self":[{"href":"https:\/\/contraluzcucuta.co\/index.php?rest_route=\/wp\/v2\/posts\/20465","targetHints":{"allow":["GET"]}}],"collection":[{"href":"https:\/\/contraluzcucuta.co\/index.php?rest_route=\/wp\/v2\/posts"}],"about":[{"href":"https:\/\/contraluzcucuta.co\/index.php?rest_route=\/wp\/v2\/types\/post"}],"author":[{"embeddable":true,"href":"https:\/\/contraluzcucuta.co\/index.php?rest_route=\/wp\/v2\/users\/1"}],"replies":[{"embeddable":true,"href":"https:\/\/contraluzcucuta.co\/index.php?rest_route=%2Fwp%2Fv2%2Fcomments&post=20465"}],"version-history":[{"count":1,"href":"https:\/\/contraluzcucuta.co\/index.php?rest_route=\/wp\/v2\/posts\/20465\/revisions"}],"predecessor-version":[{"id":20467,"href":"https:\/\/contraluzcucuta.co\/index.php?rest_route=\/wp\/v2\/posts\/20465\/revisions\/20467"}],"wp:featuredmedia":[{"embeddable":true,"href":"https:\/\/contraluzcucuta.co\/index.php?rest_route=\/wp\/v2\/media\/20466"}],"wp:attachment":[{"href":"https:\/\/contraluzcucuta.co\/index.php?rest_route=%2Fwp%2Fv2%2Fmedia&parent=20465"}],"wp:term":[{"taxonomy":"category","embeddable":true,"href":"https:\/\/contraluzcucuta.co\/index.php?rest_route=%2Fwp%2Fv2%2Fcategories&post=20465"},{"taxonomy":"post_tag","embeddable":true,"href":"https:\/\/contraluzcucuta.co\/index.php?rest_route=%2Fwp%2Fv2%2Ftags&post=20465"}],"curies":[{"name":"wp","href":"https:\/\/api.w.org\/{rel}","templated":true}]}}