{"id":20462,"date":"2014-01-11T16:26:16","date_gmt":"2014-01-11T21:26:16","guid":{"rendered":"http:\/\/contraluzcucuta.co\/?p=20462"},"modified":"2014-01-11T16:26:16","modified_gmt":"2014-01-11T21:26:16","slug":"cucuta-deportivo-avanza-en-la-preparacion","status":"publish","type":"post","link":"https:\/\/contraluzcucuta.co\/?p=20462","title":{"rendered":"C\u00facuta Deportivo  avanza en la preparaci\u00f3n"},"content":{"rendered":"<p><span style=\"line-height: 1.5em;\">El C\u00facuta Deportivo contin\u00faa el proceso de preparaci\u00f3n en Bogot\u00e1, bajo la direcci\u00f3n t\u00e9cnica del profesor H\u00e9ctor Estrada. Entre las novedades rojinegras est\u00e1n la salida del delantero nortesantandereano Jean Carlos Blanco Becerra y la vinculaci\u00f3n del arquero\u00a0 antioque\u00f1o Wilder Mosquera Roma\u00f1a.<\/span><\/p>\n<p>Los motilones jugar\u00e1n\u00a0 este domingo, a las 9:00 de la ma\u00f1ana, el segundo partido de pretemporada frente a Independiente Santa Fe en Tenjo (Cundinamarca).<\/p>\n<p>En los entrenamientos el profesor Estrada ha \u00a0trabajado el modelo de juego con transiciones defensivas contra ofensivas con y sin oposici\u00f3n. Las n\u00f3minas se han repartido de la siguiente manera:<\/p>\n<p><b>Grupo A:<\/b> Miguel Vargas; David G\u00f3mez, Jhon Garc\u00eda, Luis Vergara,\u00a0 Mauricio Duarte, Didier Sevillano (a prueba),\u00a0 Edwin Del Castillo, Mauricio Mar\u00edn, Jonathan Palacios, V\u00edctor Asprilla y Yuberney Franco.<\/p>\n<p><b>Grupo B:<\/b> Wilder Mosquera, Daniel\u00a0 G\u00f3mez, Juan Camilo Palacios, Pablo Escobar, Alberto Joya, Diego Espinel, Leonardo L\u00e1zaro, Andr\u00e9s Arboleda, James Puerto, V\u00edctor Uribe \u00a0y\u00a0 Miguel P\u00e9rez.<\/p>\n<p>Los jugadores G\u00f3mez, Palacios, Joya y Puerto est\u00e1n a prueba con el equipo. El m\u00e9dico Edgar Cardona Reyes \u00a0inform\u00f3 que el volante cucute\u00f1o Gerson Ruiz se recupera de esguince grado uno en el cuello del p\u00ede izquierdo m\u00e1s trauma de los tejidos blandos.<\/p>\n<p>El proceso de rehabilitaci\u00f3n de Ruiz ha evolucionado y la pr\u00f3xima semana iniciar\u00e1 trabajos con el profesor Christian Juliao, preparador\u00a0 f\u00edsico\u00a0 del equipo.<\/p>\n<p>El delantero Blanco Becerra manifest\u00f3 al presidente del equipo rojinegro Jos\u00e9 Augusto Cadena Mora el deseo de jugar en primera divisi\u00f3n del f\u00fatbol colombiano. Las partes llegaron a un acuerdo para rescindir el contrato\u00a0 que lo vinculaba\u00a0 hasta\u00a0 julio. Viaj\u00f3 a Neiva para unirse al Atl\u00e9tico Huila.<\/p>\n<p>El club concret\u00f3 la vinculaci\u00f3n del antioque\u00f1o Wilder Mosquera Roma\u00f1a, para el primer torneo del a\u00f1o en la segunda divisi\u00f3n. El arquero naci\u00f3 el 21 de enero de 1985 en\u00a0 Apartad\u00f3\u00a0 (Antioquia) y ha jugado en Centauros, Envigado y Rionegro.<\/p>\n<p>&nbsp; <\/p>\n","protected":false},"excerpt":{"rendered":"<p>El C\u00facuta Deportivo contin\u00faa el proceso de preparaci\u00f3n en Bogot\u00e1, bajo la direcci\u00f3n t\u00e9cnica del profesor H\u00e9ctor Estrada. Entre las novedades rojinegras est\u00e1n la salida del delantero nortesantandereano Jean Carlos Blanco Becerra y la vinculaci\u00f3n del arquero\u00a0 antioque\u00f1o Wilder Mosquera Roma\u00f1a. Los motilones jugar\u00e1n\u00a0 este domingo, a las 9:00 de la ma\u00f1ana, el segundo partido &hellip;<\/p>\n","protected":false},"author":1,"featured_media":20463,"comment_status":"open","ping_status":"open","sticky":false,"template":"","format":"standard","meta":{"footnotes":""},"categories":[28],"tags":[1086],"class_list":["post-20462","post","type-post","status-publish","format-standard","has-post-thumbnail","hentry","category-vistazo-deportivo","tag-cucuta-deportivo-2014"],"_links":{"self":[{"href":"https:\/\/contraluzcucuta.co\/index.php?rest_route=\/wp\/v2\/posts\/20462","targetHints":{"allow":["GET"]}}],"collection":[{"href":"https:\/\/contraluzcucuta.co\/index.php?rest_route=\/wp\/v2\/posts"}],"about":[{"href":"https:\/\/contraluzcucuta.co\/index.php?rest_route=\/wp\/v2\/types\/post"}],"author":[{"embeddable":true,"href":"https:\/\/contraluzcucuta.co\/index.php?rest_route=\/wp\/v2\/users\/1"}],"replies":[{"embeddable":true,"href":"https:\/\/contraluzcucuta.co\/index.php?rest_route=%2Fwp%2Fv2%2Fcomments&post=20462"}],"version-history":[{"count":1,"href":"https:\/\/contraluzcucuta.co\/index.php?rest_route=\/wp\/v2\/posts\/20462\/revisions"}],"predecessor-version":[{"id":20464,"href":"https:\/\/contraluzcucuta.co\/index.php?rest_route=\/wp\/v2\/posts\/20462\/revisions\/20464"}],"wp:featuredmedia":[{"embeddable":true,"href":"https:\/\/contraluzcucuta.co\/index.php?rest_route=\/wp\/v2\/media\/20463"}],"wp:attachment":[{"href":"https:\/\/contraluzcucuta.co\/index.php?rest_route=%2Fwp%2Fv2%2Fmedia&parent=20462"}],"wp:term":[{"taxonomy":"category","embeddable":true,"href":"https:\/\/contraluzcucuta.co\/index.php?rest_route=%2Fwp%2Fv2%2Fcategories&post=20462"},{"taxonomy":"post_tag","embeddable":true,"href":"https:\/\/contraluzcucuta.co\/index.php?rest_route=%2Fwp%2Fv2%2Ftags&post=20462"}],"curies":[{"name":"wp","href":"https:\/\/api.w.org\/{rel}","templated":true}]}}