{"id":20395,"date":"2013-12-28T17:15:13","date_gmt":"2013-12-28T22:15:13","guid":{"rendered":"http:\/\/contraluzcucuta.co\/?p=20395"},"modified":"2014-01-01T21:03:55","modified_gmt":"2014-01-02T02:03:55","slug":"jesus-infante-un-libro-de-78-paginas-de-vida","status":"publish","type":"post","link":"https:\/\/contraluzcucuta.co\/?p=20395","title":{"rendered":"Jes\u00fas Infante, un libro de 78 p\u00e1ginas de vida"},"content":{"rendered":"<p><span style=\"line-height: 1.5em;\">Hoy, siento una profunda emoci\u00f3n y cruzan por mi mente muchos sentimientos y recuerdos. Soy un convencido, y lo he proclamado en varias oportunidades, de que los reconocimientos han de brindarse en vida y en condici\u00f3n de lucidez a quienes se les ofrecen.<\/span><\/p>\n<p>Ahora que algunos amigos han considerado mi nombre para el reconocimiento a mi vida y obra debo advertir que me deseo larga vida y en consecuencia la posibilidad de seguir sirviendo con todas mis fuerzas, dedicaci\u00f3n y responsabilidad.<\/p>\n<p>En estas 78 p\u00e1ginas de lectura de mi libro de vida, he tenido la oportunidad de registrar cap\u00edtulos que me han dado grandes satisfacciones. Y es que la vida me ha permitido viajar por espacios, paisajes y momentos en los cuales he encontrado lo m\u00e1s importante que es el servir a todos.<\/p>\n<p>En mi formaci\u00f3n han estado presentes valiosos seres humanos. Cada uno haciendo su enriquecedor aporte.<\/p>\n<p><b>Mis padres Le\u00f3n Guillermo y Carmen<\/b>, de quienes aprend\u00ed en un humilde y maravilloso hogar el valor de la palabra, el respeto, las buenas maneras, la honestidad, la responsabilidad y la entrega al trabajo.<\/p>\n<p>De <b>Andr\u00e9s Hern\u00e1ndez<\/b>, propietario de la farmacia en la que tuve mi primer trabajo, aprend\u00ed que existen personajes que brindan la confianza, la oportunidad y el reconocimiento al trabajo.<\/p>\n<p><b>A \u00c1lvaro Barreto, a Roque Mora y a Carlos Ram\u00edrez Par\u00eds<\/b>, mi gratitud perenne por acercarme a una de mis pasiones: La radio. <b>A Le\u00f3n Sanju\u00e1n y a Texaco<\/b> por ofrecerme mi espacio de trabajo diario, por capacitarme y por generarme un punto de encuentro, a trav\u00e9s del cual he acrecentado mis relaciones laborales y sociales.<\/p>\n<p><b>Al exgobernador Gustavo Lozano<\/b> por designarme en las alcald\u00edas de Herr\u00e1n y Villa del Rosario, municipios en los que compart\u00ed las necesidades de sus habitantes, pero al igual las soluciones con la participaci\u00f3n de las comunidades.<\/p>\n<p><b>Al coronel \u00c1lvaro Riveros Abella<\/b> qui\u00e9n me brind\u00f3 su apoyo en varias regiones del departamento Norte de Santander para cubrir con materiales y mano de obra las diversas necesidades en su mayor\u00eda b\u00e1sicas insatisfechas de la poblaci\u00f3n, en especial de la ni\u00f1ez.<\/p>\n<p>Debo agradecer a mis <b>compa\u00f1eros y amigos periodistas<\/b> de la regi\u00f3n el haberme concedido el honor de presidir Cicrodeportes y la Acord Norte de Santander en varios periodos. Al <b>periodismo deportivo colombiano<\/b> por invitarme a formar parte, en su momento, de la junta directiva nacional de la Acord.<\/p>\n<p>Mi agradecimiento, de igual forma, para los dirigentes de la <b>Federaci\u00f3n Nacional de Distribuidores de Combustibles<\/b> por acoger mi representaci\u00f3n en la junta directiva nacional de Fendipetr\u00f3leos, en varios periodos.<\/p>\n<p>Disc\u00falpenme por no mencionar los nombres de tantas personas que me han dado su respaldo en mis ejecutorias como periodista, comerciante, gobernante y dirigente gremial y deportivo.<\/p>\n<p>Me siento muy orgulloso de haber nacido en esta hermosa tierra nortesantandereana, de haber compartido el mayor tiempo de mi vida con su gente alegre y maravillosa y el haber encontrado la raz\u00f3n de existencia en estas f\u00e9rtiles y acogedoras estancias.<\/p>\n<p>Muchas gracias por sus generosas expresiones de cari\u00f1o y afecto. Las guardar\u00e9 como una de las p\u00e1ginas m\u00e1s bellas en el libro de mi vida. Mi abrazo para todos.<\/p>\n<p>C\u00facuta, 27 de diciembre de 2013<\/p>\n<p>Foto: MARCO S\u00daA<\/p>\n<p>&nbsp;<\/p>\n<p>&nbsp; <\/p>\n","protected":false},"excerpt":{"rendered":"<p>Hoy, siento una profunda emoci\u00f3n y cruzan por mi mente muchos sentimientos y recuerdos. Soy un convencido, y lo he proclamado en varias oportunidades, de que los reconocimientos han de brindarse en vida y en condici\u00f3n de lucidez a quienes se les ofrecen. Ahora que algunos amigos han considerado mi nombre para el reconocimiento a &hellip;<\/p>\n","protected":false},"author":1,"featured_media":20396,"comment_status":"open","ping_status":"open","sticky":false,"template":"","format":"standard","meta":{"footnotes":""},"categories":[17,45],"tags":[910,1055],"class_list":["post-20395","post","type-post","status-publish","format-standard","has-post-thumbnail","hentry","category-conversaciones-a-contraluz","category-destacado","tag-acord-colombia","tag-jesus-infante"],"_links":{"self":[{"href":"https:\/\/contraluzcucuta.co\/index.php?rest_route=\/wp\/v2\/posts\/20395","targetHints":{"allow":["GET"]}}],"collection":[{"href":"https:\/\/contraluzcucuta.co\/index.php?rest_route=\/wp\/v2\/posts"}],"about":[{"href":"https:\/\/contraluzcucuta.co\/index.php?rest_route=\/wp\/v2\/types\/post"}],"author":[{"embeddable":true,"href":"https:\/\/contraluzcucuta.co\/index.php?rest_route=\/wp\/v2\/users\/1"}],"replies":[{"embeddable":true,"href":"https:\/\/contraluzcucuta.co\/index.php?rest_route=%2Fwp%2Fv2%2Fcomments&post=20395"}],"version-history":[{"count":1,"href":"https:\/\/contraluzcucuta.co\/index.php?rest_route=\/wp\/v2\/posts\/20395\/revisions"}],"predecessor-version":[{"id":20397,"href":"https:\/\/contraluzcucuta.co\/index.php?rest_route=\/wp\/v2\/posts\/20395\/revisions\/20397"}],"wp:featuredmedia":[{"embeddable":true,"href":"https:\/\/contraluzcucuta.co\/index.php?rest_route=\/wp\/v2\/media\/20396"}],"wp:attachment":[{"href":"https:\/\/contraluzcucuta.co\/index.php?rest_route=%2Fwp%2Fv2%2Fmedia&parent=20395"}],"wp:term":[{"taxonomy":"category","embeddable":true,"href":"https:\/\/contraluzcucuta.co\/index.php?rest_route=%2Fwp%2Fv2%2Fcategories&post=20395"},{"taxonomy":"post_tag","embeddable":true,"href":"https:\/\/contraluzcucuta.co\/index.php?rest_route=%2Fwp%2Fv2%2Ftags&post=20395"}],"curies":[{"name":"wp","href":"https:\/\/api.w.org\/{rel}","templated":true}]}}