{"id":20389,"date":"2013-12-28T16:24:50","date_gmt":"2013-12-28T21:24:50","guid":{"rendered":"http:\/\/contraluzcucuta.co\/?p=20389"},"modified":"2013-12-30T20:00:05","modified_gmt":"2013-12-31T01:00:05","slug":"jesus-romero-tarea-cumplida-en-el-2013","status":"publish","type":"post","link":"https:\/\/contraluzcucuta.co\/?p=20389","title":{"rendered":"Jes\u00fas Romero, tarea cumplida en el 2013"},"content":{"rendered":"<p><b style=\"line-height: 1.5em;\">C\u00daCUTA.-<\/b><span style=\"line-height: 1.5em;\"> Jes\u00fas Romero, el otrora gimnasta insigne de Norte de Santander, asumi\u00f3 hace dos a\u00f1os la responsabilidad de trabajar por la poblaci\u00f3n discapacitada en Norte de Santander. Hoy, con el retrovisor puesto en la labor ejecutada, siente que ha cumplido la tarea.<\/span><\/p>\n<p><b>\u00bfC\u00f3mo termina el 2013 para su despacho y la poblaci\u00f3n discapacitada de Norte de Santander?<\/b><\/p>\n<p>Con la satisfacci\u00f3n del deber cumplido. Se reactivaron los comit\u00e9s municipales, tenemos 27 comit\u00e9s activados de los 40 que nos pusimos (como meta) para el cuatrienio, tenemos el comit\u00e9 departamental reactivado, tenemos inclusi\u00f3n educativa, cultural, se hicieron muestras en Pamplona y C\u00facuta. En lo deportivo se lograron medallas este a\u00f1o.<\/p>\n<p>Vamos en progreso cada d\u00eda. Se les ha dado el respeto y el valor a los discapacitados, y a la poblaci\u00f3n que ha necesitado ayudas t\u00e9cnicas tambi\u00e9n le he cumplido, le llevado sillas de ruedas, bastones, muletas, caminadores y hemos ayudado con tr\u00e1mites ante las EPS, con asesor\u00edas jur\u00eddicas para que puedan interponer acciones de tutela y tramit\u00e1ndoles \u00a0haciendo gestiones como departamento.<\/p>\n<p>Creo que es un balance positivo y ternemos que mantenerlo, confiando en Dios y en el Gobernador que nos siga dando la oportunidad para trabajar.<\/p>\n<p><b>\u00bfCu\u00e1l es el censo de discapacitados en el departamento?<\/b><\/p>\n<p>Pensamos en un aproximado de 85.000 hombres y mujeres. Hoy, registradas y censadas, tenemos 25.000. Aspiramos que al final del cuatrienio tener el 80 o 90 por ciento. Tenemos dificultades con los sectores rurales. En los cascos urbanos ha sido f\u00e1cil llegar.<\/p>\n<p><b>\u00bfCu\u00e1l es el municipio con mayor poblaci\u00f3n discapacitada?<\/b><\/p>\n<p>C\u00facuta. Tiene alrededor del 50 por ciento de la poblaci\u00f3n, que representa el 40 al 42 por ciento de discapacitados. La discapacidad no es solo la silla de ruedas, es visual, auditiva, cognitiva, y esos son los que se ven en la ciudad y el departamento.<\/p>\n<p><b>\u00bfHa tenido la oportunidad de recorrer los 40 municipios?<\/b><\/p>\n<p>Los 40 no. He visitado los municipios para la conformaci\u00f3n de los comit\u00e9s y para que los alcaldes sientan el compromiso para darle cumplimiento a la ley. Vamos a seguir adelante y buscar que la poblaci\u00f3n con discapacidad tenga la protecci\u00f3n que merece.<\/p>\n<p><b>\u00bfAlg\u00fan proyecto especial para el 2014?<\/b><\/p>\n<p>Vamos a tener proyectos en cultura, deporte, educaci\u00f3n y para garantizarle a la poblaci\u00f3n con discapacidad el acceso a salud, que es lo que normalmente pide.<\/p>\n<p><b>RAFAEL ANTONIO PAB\u00d3N<\/b><\/p>\n<p><b><a href=\"mailto:rafaelpabon58@hotmail.com\">rafaelpabon58@hotmail.com<\/a><\/b><\/p>\n<p><b>Fotos: MARCO S\u00daA<\/b><\/p>\n<p>&nbsp;<\/p>\n<p>&nbsp; <\/p>\n","protected":false},"excerpt":{"rendered":"<p>C\u00daCUTA.- Jes\u00fas Romero, el otrora gimnasta insigne de Norte de Santander, asumi\u00f3 hace dos a\u00f1os la responsabilidad de trabajar por la poblaci\u00f3n discapacitada en Norte de Santander. Hoy, con el retrovisor puesto en la labor ejecutada, siente que ha cumplido la tarea. \u00bfC\u00f3mo termina el 2013 para su despacho y la poblaci\u00f3n discapacitada de Norte &hellip;<\/p>\n","protected":false},"author":1,"featured_media":20390,"comment_status":"open","ping_status":"open","sticky":false,"template":"","format":"standard","meta":{"footnotes":""},"categories":[556,6],"tags":[904,854],"class_list":["post-20389","post","type-post","status-publish","format-standard","has-post-thumbnail","hentry","category-departamento","category-ojo-avizor","tag-discapacitados-en-norte-de-santander","tag-jesus-romero"],"_links":{"self":[{"href":"https:\/\/contraluzcucuta.co\/index.php?rest_route=\/wp\/v2\/posts\/20389","targetHints":{"allow":["GET"]}}],"collection":[{"href":"https:\/\/contraluzcucuta.co\/index.php?rest_route=\/wp\/v2\/posts"}],"about":[{"href":"https:\/\/contraluzcucuta.co\/index.php?rest_route=\/wp\/v2\/types\/post"}],"author":[{"embeddable":true,"href":"https:\/\/contraluzcucuta.co\/index.php?rest_route=\/wp\/v2\/users\/1"}],"replies":[{"embeddable":true,"href":"https:\/\/contraluzcucuta.co\/index.php?rest_route=%2Fwp%2Fv2%2Fcomments&post=20389"}],"version-history":[{"count":1,"href":"https:\/\/contraluzcucuta.co\/index.php?rest_route=\/wp\/v2\/posts\/20389\/revisions"}],"predecessor-version":[{"id":20391,"href":"https:\/\/contraluzcucuta.co\/index.php?rest_route=\/wp\/v2\/posts\/20389\/revisions\/20391"}],"wp:featuredmedia":[{"embeddable":true,"href":"https:\/\/contraluzcucuta.co\/index.php?rest_route=\/wp\/v2\/media\/20390"}],"wp:attachment":[{"href":"https:\/\/contraluzcucuta.co\/index.php?rest_route=%2Fwp%2Fv2%2Fmedia&parent=20389"}],"wp:term":[{"taxonomy":"category","embeddable":true,"href":"https:\/\/contraluzcucuta.co\/index.php?rest_route=%2Fwp%2Fv2%2Fcategories&post=20389"},{"taxonomy":"post_tag","embeddable":true,"href":"https:\/\/contraluzcucuta.co\/index.php?rest_route=%2Fwp%2Fv2%2Ftags&post=20389"}],"curies":[{"name":"wp","href":"https:\/\/api.w.org\/{rel}","templated":true}]}}