{"id":20308,"date":"2013-12-15T16:01:40","date_gmt":"2013-12-15T21:01:40","guid":{"rendered":"http:\/\/contraluzcucuta.co\/?p=20308"},"modified":"2013-12-15T16:02:17","modified_gmt":"2013-12-15T21:02:17","slug":"jesus-infante-reconocimiento-a-la-vida-como-periodista-deportivo","status":"publish","type":"post","link":"https:\/\/contraluzcucuta.co\/?p=20308","title":{"rendered":"Jes\u00fas Infante, reconocimiento a la vida como periodista deportivo"},"content":{"rendered":"<p><b style=\"line-height: 1.5em;\">C\u00daCUTA.-<\/b><span style=\"line-height: 1.5em;\"> La Asociaci\u00f3n Colombiana de Redactores Deportivos (Acord), seccional Norte de Santander, cumple 55 a\u00f1os. El predecesor C\u00edrculo de Cronistas Deportivos de Norte de Santander (Cicrideportes) fue fundado, en 1958, en la casa de Mercedes Su\u00e1rez, la reina del departamento (avenida 2 entre calles 7 y 8).<\/span><\/p>\n<p>El pedagogo Alejandro Guti\u00e9rrez Calder\u00f3n (TheBall) fue el fundador y primer presidente. Acompa\u00f1aron el acta de constituci\u00f3n Carlos Ram\u00edrez Par\u00eds, Roque Mora, Jos\u00e9 Rafael Mogoll\u00f3n, Jos\u00e9 Jacinto Jara, Luis Alberto Tobito Acevedo, Arnolfo Alarc\u00f3n Argote, Jes\u00fas Mar\u00eda Sep\u00falveda, Herman Gonz\u00e1lez Ord\u00f3\u00f1ez, Bernardo Ram\u00edrez Pineda, Jos\u00e9 Mar\u00eda Barbosa, Jos\u00e9 de Jes\u00fas Infante Carrillo, Guillermo L\u00f3pez Jaimes, Juan Jos\u00e9 Contreras, Arbenis Petit L\u00f3pez, V\u00edctor Hern\u00e1ndez y Anastasio Ram\u00edrez Quintero, como primer tesorero.<\/p>\n<p>Acord Norte de Santander, con ocasi\u00f3n de la celebraci\u00f3n, entregar\u00e1 la distinci\u00f3n Deportista de Oro 2013 a Jossimar Calvo y reconocer\u00e1 la labor cumplida por Jes\u00fas Infante en su larga vida como periodista deportivo.<\/p>\n<p>La ceremonia se cumplir\u00e1 el 27 de diciembre, a las 8:00 de la noche, en el Centro Recreacional Villa Silvania.<\/p>\n<p>La junta directiva, presidida por el sacerdote Fabi\u00e1n Staper, rendir\u00e1 homenaje p\u00f3stumo a Jorge Rol\u00f3n Garc\u00eda, presentar\u00e1 los Juegos Intercajas C\u00facuta 2014, organizados por Comfaoriente, conmemorar\u00e1 los 7 a\u00f1os de la primera estrella de campe\u00f3n del C\u00facuta Deportivo en el F\u00fatbol Profesional Colombiano.<\/p>\n<p>Fotos: MARCO S\u00daA<\/p>\n<p>&nbsp;<\/p>\n<p>&nbsp; <\/p>\n","protected":false},"excerpt":{"rendered":"<p>C\u00daCUTA.- La Asociaci\u00f3n Colombiana de Redactores Deportivos (Acord), seccional Norte de Santander, cumple 55 a\u00f1os. El predecesor C\u00edrculo de Cronistas Deportivos de Norte de Santander (Cicrideportes) fue fundado, en 1958, en la casa de Mercedes Su\u00e1rez, la reina del departamento (avenida 2 entre calles 7 y 8). El pedagogo Alejandro Guti\u00e9rrez Calder\u00f3n (TheBall) fue el &hellip;<\/p>\n","protected":false},"author":1,"featured_media":20309,"comment_status":"open","ping_status":"open","sticky":false,"template":"","format":"standard","meta":{"footnotes":""},"categories":[28],"tags":[910,1055],"class_list":["post-20308","post","type-post","status-publish","format-standard","has-post-thumbnail","hentry","category-vistazo-deportivo","tag-acord-colombia","tag-jesus-infante"],"_links":{"self":[{"href":"https:\/\/contraluzcucuta.co\/index.php?rest_route=\/wp\/v2\/posts\/20308","targetHints":{"allow":["GET"]}}],"collection":[{"href":"https:\/\/contraluzcucuta.co\/index.php?rest_route=\/wp\/v2\/posts"}],"about":[{"href":"https:\/\/contraluzcucuta.co\/index.php?rest_route=\/wp\/v2\/types\/post"}],"author":[{"embeddable":true,"href":"https:\/\/contraluzcucuta.co\/index.php?rest_route=\/wp\/v2\/users\/1"}],"replies":[{"embeddable":true,"href":"https:\/\/contraluzcucuta.co\/index.php?rest_route=%2Fwp%2Fv2%2Fcomments&post=20308"}],"version-history":[{"count":2,"href":"https:\/\/contraluzcucuta.co\/index.php?rest_route=\/wp\/v2\/posts\/20308\/revisions"}],"predecessor-version":[{"id":20311,"href":"https:\/\/contraluzcucuta.co\/index.php?rest_route=\/wp\/v2\/posts\/20308\/revisions\/20311"}],"wp:featuredmedia":[{"embeddable":true,"href":"https:\/\/contraluzcucuta.co\/index.php?rest_route=\/wp\/v2\/media\/20309"}],"wp:attachment":[{"href":"https:\/\/contraluzcucuta.co\/index.php?rest_route=%2Fwp%2Fv2%2Fmedia&parent=20308"}],"wp:term":[{"taxonomy":"category","embeddable":true,"href":"https:\/\/contraluzcucuta.co\/index.php?rest_route=%2Fwp%2Fv2%2Fcategories&post=20308"},{"taxonomy":"post_tag","embeddable":true,"href":"https:\/\/contraluzcucuta.co\/index.php?rest_route=%2Fwp%2Fv2%2Ftags&post=20308"}],"curies":[{"name":"wp","href":"https:\/\/api.w.org\/{rel}","templated":true}]}}