{"id":20298,"date":"2013-12-13T22:41:23","date_gmt":"2013-12-14T03:41:23","guid":{"rendered":"http:\/\/contraluzcucuta.co\/?p=20298"},"modified":"2013-12-13T22:41:23","modified_gmt":"2013-12-14T03:41:23","slug":"fundacion-progresar-y-alcaldia-adelantaron-talleres-contra-violencia-intrafamiliar","status":"publish","type":"post","link":"https:\/\/contraluzcucuta.co\/?p=20298","title":{"rendered":"Fundaci\u00f3n Progresar y Alcald\u00eda adelantaron talleres contra violencia intrafamiliar"},"content":{"rendered":"<p>&nbsp;<\/p>\n<p><b>C\u00daCUTA.-<\/b> La Comuna 8 en el sector de mayor incidencia de la violencia intrafamiliar, en C\u00facuta. La Fundaci\u00f3n Progresar y la Alcald\u00eda prepararon una serie de talleres de prevenci\u00f3n, que culminaron esta semana. Los participantes mostraron satisfacci\u00f3n por la tarea adelantada con la comunidad afectada.<\/p>\n<p>La administraci\u00f3n municipal proporcion\u00f3 recursos para que la Fundaci\u00f3n capacitara a 535 mujeres, que en el 2014 se convertir\u00e1n en mujeres productivas por medio del Banco del Progreso y obtendr\u00e1n hasta $ 4,0 millones para sostener a la familia.<\/p>\n<p>Las actividades culturales y recreativas al cierre de los talleres sirvieron para que las v\u00edctimas de la violencia intrafamiliar manifestaran \u00a0sentimientos y conocimientos aprendidos.<\/p>\n<p>Los indicadores de violencia intrafamiliar se\u00f1alan que en la Comuna 8 hubo 146 denuncias, de los 1258 casos reportados en la ciudad durante el 2011, que representan el 11,11 del total del municipio.<\/p>\n<p>Ahora, se buscar\u00e1 que ese potencial capacitado se direccione hacia la productividad y el a\u00f1o entrante, con la coordinaci\u00f3n de la secretar\u00eda de Equidad de G\u00e9nero reciba \u00a0capacitaci\u00f3n para ser microempresarias.<\/p>\n<p>&nbsp;<\/p>\n<p>&nbsp; <\/p>\n","protected":false},"excerpt":{"rendered":"<p>&nbsp; C\u00daCUTA.- La Comuna 8 en el sector de mayor incidencia de la violencia intrafamiliar, en C\u00facuta. La Fundaci\u00f3n Progresar y la Alcald\u00eda prepararon una serie de talleres de prevenci\u00f3n, que culminaron esta semana. Los participantes mostraron satisfacci\u00f3n por la tarea adelantada con la comunidad afectada. La administraci\u00f3n municipal proporcion\u00f3 recursos para que la Fundaci\u00f3n &hellip;<\/p>\n","protected":false},"author":1,"featured_media":20299,"comment_status":"open","ping_status":"open","sticky":false,"template":"","format":"standard","meta":{"footnotes":""},"categories":[4,5],"tags":[707],"class_list":["post-20298","post","type-post","status-publish","format-standard","has-post-thumbnail","hentry","category-barra","category-justicia-transicional","tag-fundacion-progresar"],"_links":{"self":[{"href":"https:\/\/contraluzcucuta.co\/index.php?rest_route=\/wp\/v2\/posts\/20298","targetHints":{"allow":["GET"]}}],"collection":[{"href":"https:\/\/contraluzcucuta.co\/index.php?rest_route=\/wp\/v2\/posts"}],"about":[{"href":"https:\/\/contraluzcucuta.co\/index.php?rest_route=\/wp\/v2\/types\/post"}],"author":[{"embeddable":true,"href":"https:\/\/contraluzcucuta.co\/index.php?rest_route=\/wp\/v2\/users\/1"}],"replies":[{"embeddable":true,"href":"https:\/\/contraluzcucuta.co\/index.php?rest_route=%2Fwp%2Fv2%2Fcomments&post=20298"}],"version-history":[{"count":1,"href":"https:\/\/contraluzcucuta.co\/index.php?rest_route=\/wp\/v2\/posts\/20298\/revisions"}],"predecessor-version":[{"id":20300,"href":"https:\/\/contraluzcucuta.co\/index.php?rest_route=\/wp\/v2\/posts\/20298\/revisions\/20300"}],"wp:featuredmedia":[{"embeddable":true,"href":"https:\/\/contraluzcucuta.co\/index.php?rest_route=\/wp\/v2\/media\/20299"}],"wp:attachment":[{"href":"https:\/\/contraluzcucuta.co\/index.php?rest_route=%2Fwp%2Fv2%2Fmedia&parent=20298"}],"wp:term":[{"taxonomy":"category","embeddable":true,"href":"https:\/\/contraluzcucuta.co\/index.php?rest_route=%2Fwp%2Fv2%2Fcategories&post=20298"},{"taxonomy":"post_tag","embeddable":true,"href":"https:\/\/contraluzcucuta.co\/index.php?rest_route=%2Fwp%2Fv2%2Ftags&post=20298"}],"curies":[{"name":"wp","href":"https:\/\/api.w.org\/{rel}","templated":true}]}}