{"id":20181,"date":"2013-11-26T21:46:25","date_gmt":"2013-11-27T02:46:25","guid":{"rendered":"http:\/\/contraluzcucuta.co\/?p=20181"},"modified":"2013-11-29T19:00:37","modified_gmt":"2013-11-30T00:00:37","slug":"el-parque-cucuta-300-anos-comienza-a-tomar-forma","status":"publish","type":"post","link":"https:\/\/contraluzcucuta.co\/?p=20181","title":{"rendered":"El parque C\u00facuta 300 a\u00f1os comienza a tomar forma"},"content":{"rendered":"<p><b>C\u00daCUTA.-<\/b> \u2018El hueco Bavaria\u2019 lleva cinco como s\u00edmbolo de los malos manejos administrativos en C\u00facuta. Desde el desmonte de la f\u00e1brica de cerveza el lugar se convirti\u00f3 en foco de discusiones, demandas, cambio de destinaci\u00f3n y desgaste pol\u00edtico.<\/p>\n<p>En el tiempo que permaneci\u00f3 sin d\u00e1rsele el uso para el que fue donado por los directivos de la empresa cervecera, el sitio sirvi\u00f3 como refugio a malandros y vertedero de basuras. En varias oportunidades fue encerrado con l\u00e1minas de cinc para evitar desmanes y en igual n\u00famero de ocasiones se perdi\u00f3 esa inversi\u00f3n.<\/p>\n<p>\u2018El hueco\u2019, en esos largos a\u00f1os, fue una verg\u00fcenza para la ciudad.\u00a0 Ahora, la administraci\u00f3n municipal destin\u00f3 $ 6323 millones para la construcci\u00f3n del Parque C\u00facuta 300 a\u00f1os. La obra le cambiar\u00e1 la cara a la zona c\u00e9ntrica, para dar continuidad al centro comercial a Cielo Abierto y preparar a C\u00facuta para los 300 a\u00f1os de la fundaci\u00f3n.<\/p>\n<p>En el terreno ubicado entre las calles 8 y 9 con avenidas primera y 2, se construir\u00e1n el parque (6000 metros cuadrados), la plazoleta, el parqueadero y las zonas verdes (10.000 metros cuadrados) con recursos propios del municipio.<\/p>\n<p>Zonas verdes, caminos peatonales y amueblamiento urbano har\u00e1n parte de la obra, con la que se enviar\u00e1 al olvido ese molesto hueco que por a\u00f1os afe\u00f3 el centro de la ciudad.<\/p>\n<p>En un periodo no superior a los nueve meses, que se cumplir\u00e1n la \u00faltima semana de agosto, se culminar\u00e1n los trabajos en los 16.000 metros cuadrados que ser\u00e1n intervenidos.<\/p>\n<p>El parque C\u00facuta 300 a\u00f1os, se suma a la modernizaci\u00f3n del centro de la ciudad, con el centro comercial a Cielo Abierto, del que faltan la avenida 5 con calle 9 y 8 y parte de la avenida 0.<\/p>\n<p>&nbsp; <\/p>\n","protected":false},"excerpt":{"rendered":"<p>C\u00daCUTA.- \u2018El hueco Bavaria\u2019 lleva cinco como s\u00edmbolo de los malos manejos administrativos en C\u00facuta. Desde el desmonte de la f\u00e1brica de cerveza el lugar se convirti\u00f3 en foco de discusiones, demandas, cambio de destinaci\u00f3n y desgaste pol\u00edtico. En el tiempo que permaneci\u00f3 sin d\u00e1rsele el uso para el que fue donado por los directivos &hellip;<\/p>\n","protected":false},"author":1,"featured_media":20182,"comment_status":"open","ping_status":"open","sticky":false,"template":"","format":"standard","meta":{"footnotes":""},"categories":[541,6],"tags":[734],"class_list":["post-20181","post","type-post","status-publish","format-standard","has-post-thumbnail","hentry","category-ciudad","category-ojo-avizor","tag-parque-cucuta-300-anos"],"_links":{"self":[{"href":"https:\/\/contraluzcucuta.co\/index.php?rest_route=\/wp\/v2\/posts\/20181","targetHints":{"allow":["GET"]}}],"collection":[{"href":"https:\/\/contraluzcucuta.co\/index.php?rest_route=\/wp\/v2\/posts"}],"about":[{"href":"https:\/\/contraluzcucuta.co\/index.php?rest_route=\/wp\/v2\/types\/post"}],"author":[{"embeddable":true,"href":"https:\/\/contraluzcucuta.co\/index.php?rest_route=\/wp\/v2\/users\/1"}],"replies":[{"embeddable":true,"href":"https:\/\/contraluzcucuta.co\/index.php?rest_route=%2Fwp%2Fv2%2Fcomments&post=20181"}],"version-history":[{"count":1,"href":"https:\/\/contraluzcucuta.co\/index.php?rest_route=\/wp\/v2\/posts\/20181\/revisions"}],"predecessor-version":[{"id":20183,"href":"https:\/\/contraluzcucuta.co\/index.php?rest_route=\/wp\/v2\/posts\/20181\/revisions\/20183"}],"wp:featuredmedia":[{"embeddable":true,"href":"https:\/\/contraluzcucuta.co\/index.php?rest_route=\/wp\/v2\/media\/20182"}],"wp:attachment":[{"href":"https:\/\/contraluzcucuta.co\/index.php?rest_route=%2Fwp%2Fv2%2Fmedia&parent=20181"}],"wp:term":[{"taxonomy":"category","embeddable":true,"href":"https:\/\/contraluzcucuta.co\/index.php?rest_route=%2Fwp%2Fv2%2Fcategories&post=20181"},{"taxonomy":"post_tag","embeddable":true,"href":"https:\/\/contraluzcucuta.co\/index.php?rest_route=%2Fwp%2Fv2%2Ftags&post=20181"}],"curies":[{"name":"wp","href":"https:\/\/api.w.org\/{rel}","templated":true}]}}