{"id":20175,"date":"2013-11-25T23:04:15","date_gmt":"2013-11-26T04:04:15","guid":{"rendered":"http:\/\/contraluzcucuta.co\/?p=20175"},"modified":"2013-11-25T23:04:15","modified_gmt":"2013-11-26T04:04:15","slug":"320-campesinos-ofrecieron-sus-productos-en-la-plaza-de-banderas","status":"publish","type":"post","link":"https:\/\/contraluzcucuta.co\/?p=20175","title":{"rendered":"320 campesinos ofrecieron sus productos en la Plaza de Banderas"},"content":{"rendered":"<p>&nbsp;<\/p>\n<p><b>C\u00daCUTA.-<\/b> Cientos de campesinos nortesantandereanos cumplieron el sue\u00f1o de llegar a la ciudad con productos de primera calidad para satisfacer las necesidades de los compradores. La meta del segundo mercado se tas\u00f3 en $ 300 millones y las ventas superaron las expectativas.<\/p>\n<p>En la Plaza de banderas se reunieron representantes de cada municipio para participar en la actividad y puesta en marcha de la iniciativa. El objetivo es brindar un espacio para que los 342 campesinos de 23 municipios aprendan a vender las cosechas y consigan beneficios rentables.<\/p>\n<p>El gobernador Edgar D\u00edaz recorri\u00f3 la plaza y dijo que \u201ces el mejor ejemplo de trabajo en equipo y de apoyo mutuo\u201d. El mercado es un escenario para facilitar la integraci\u00f3n del agricultor con los potenciales clientes. Mediante la alianza se \u00a0desarrollan estrategias que fortalecen a los labriegos.<\/p>\n<p>La paz comienza con ofrecer herramientas necesarias a los granjeros, la posibilidad de brindar ambientes educativos, mejorar las escuelas, tener acceso a la tecnolog\u00eda, la rentabilidad de las tierras y la comercializaci\u00f3n de los productos. \u201cDe esa manera podr\u00edamos evitar los brotes de violencia y los inconformismos\u201d.<\/p>\n<p>Yesid Toloza Y\u00e1\u00f1ez, secretario de Desarrollo Econ\u00f3mico, agradeci\u00f3 a los cucute\u00f1os la vinculaci\u00f3n al mercado. Los campesinos llegaron a C\u00facuta con hortalizas, legumbres, tub\u00e9rculos, frutas, pescado y carne.<\/p>\n<p>El tercer encuentro, el 21 de diciembre, se tomar\u00e1 juramento a la Asociaci\u00f3n de Peque\u00f1os Campesinos, con un aproximado de 800 integrantes, con el fin de brindarles oportunidades de comercializaci\u00f3n directa y generar mayores ingresos.<\/p>\n<p>Abimael Bacca, representante de la Pastoral Social Di\u00f3cesis de C\u00facuta, rescat\u00f3 la participaci\u00f3n de agricultores provenientes de distinto lugares de la regi\u00f3n y la respuesta de los ciudadanos a la actividad que permitir\u00e1 mejorar las entradas y\u00a0 ofrecer los productos.<\/p>\n<p>Los comandantes de la Polic\u00eda de Norte de Santander, coronel Eli\u00e9cer Camacho, y de la Fuerza de Tarea Vulcano, coronel Javier Le\u00f3n, se\u00f1alaron que la iniciativa es importante para el desarrollo del sector rural, que tiene la posibilidad de conseguir el sustento diario y un modelo de vida en crecimiento que ayuden a cientos de familias rurales a no pensar en formar parte de esos grupos que alteran la convivencia ciudadana.<\/p>\n<p>&nbsp; <\/p>\n","protected":false},"excerpt":{"rendered":"<p>&nbsp; C\u00daCUTA.- Cientos de campesinos nortesantandereanos cumplieron el sue\u00f1o de llegar a la ciudad con productos de primera calidad para satisfacer las necesidades de los compradores. La meta del segundo mercado se tas\u00f3 en $ 300 millones y las ventas superaron las expectativas. En la Plaza de banderas se reunieron representantes de cada municipio para &hellip;<\/p>\n","protected":false},"author":1,"featured_media":20176,"comment_status":"open","ping_status":"open","sticky":false,"template":"","format":"standard","meta":{"footnotes":""},"categories":[556,4],"tags":[442,1025],"class_list":["post-20175","post","type-post","status-publish","format-standard","has-post-thumbnail","hentry","category-departamento","category-barra","tag-mercado-campesino","tag-plaza-de-banderas"],"_links":{"self":[{"href":"https:\/\/contraluzcucuta.co\/index.php?rest_route=\/wp\/v2\/posts\/20175","targetHints":{"allow":["GET"]}}],"collection":[{"href":"https:\/\/contraluzcucuta.co\/index.php?rest_route=\/wp\/v2\/posts"}],"about":[{"href":"https:\/\/contraluzcucuta.co\/index.php?rest_route=\/wp\/v2\/types\/post"}],"author":[{"embeddable":true,"href":"https:\/\/contraluzcucuta.co\/index.php?rest_route=\/wp\/v2\/users\/1"}],"replies":[{"embeddable":true,"href":"https:\/\/contraluzcucuta.co\/index.php?rest_route=%2Fwp%2Fv2%2Fcomments&post=20175"}],"version-history":[{"count":1,"href":"https:\/\/contraluzcucuta.co\/index.php?rest_route=\/wp\/v2\/posts\/20175\/revisions"}],"predecessor-version":[{"id":20177,"href":"https:\/\/contraluzcucuta.co\/index.php?rest_route=\/wp\/v2\/posts\/20175\/revisions\/20177"}],"wp:featuredmedia":[{"embeddable":true,"href":"https:\/\/contraluzcucuta.co\/index.php?rest_route=\/wp\/v2\/media\/20176"}],"wp:attachment":[{"href":"https:\/\/contraluzcucuta.co\/index.php?rest_route=%2Fwp%2Fv2%2Fmedia&parent=20175"}],"wp:term":[{"taxonomy":"category","embeddable":true,"href":"https:\/\/contraluzcucuta.co\/index.php?rest_route=%2Fwp%2Fv2%2Fcategories&post=20175"},{"taxonomy":"post_tag","embeddable":true,"href":"https:\/\/contraluzcucuta.co\/index.php?rest_route=%2Fwp%2Fv2%2Ftags&post=20175"}],"curies":[{"name":"wp","href":"https:\/\/api.w.org\/{rel}","templated":true}]}}