{"id":20105,"date":"2013-11-16T19:05:29","date_gmt":"2013-11-17T00:05:29","guid":{"rendered":"http:\/\/contraluzcucuta.co\/?p=20105"},"modified":"2013-11-18T23:10:45","modified_gmt":"2013-11-19T04:10:45","slug":"preparan-plan-decenal-de-cultura-para-cucuta","status":"publish","type":"post","link":"https:\/\/contraluzcucuta.co\/?p=20105","title":{"rendered":"Preparan plan decenal de cultura para C\u00facuta"},"content":{"rendered":"<p><b>C\u00daCUTA.-<\/b> La Secretar\u00eda de Cultura y Turismo prepara el dise\u00f1o y formulaci\u00f3n\u00a0 de la Pol\u00edtica P\u00fablica de Cultura\u00a0 y Convivencia Ciudadana y el Plan Decenal de Cultura 2014-2023. El objetivo es consolidar los procesos de desarrollo cultural y art\u00edstico como fuentes de convivencia social que rescata las experiencias de la cultura ciudadana, digna de una ciudad que celebrar\u00e1 300 a\u00f1os de fundada en el 2033.<\/p>\n<p>El 19, 20 y 21 de noviembre, en el auditorio Jos\u00e9 Tolosa (Universidad Sim\u00f3n Bol\u00edvar), se llevar\u00e1n a cabo tres encuentros con sectores sociales y culturales para el cumplimiento de las dos tareas, que tienen como prop\u00f3sito construir mediante cuatro mesas de trabajo, las l\u00edneas de acci\u00f3n que demarcar\u00e1n a 10 a\u00f1os el plan de cultura de la ciudad.<\/p>\n<p>Participar\u00e1n los actores que han incidido con su labor en el desarrollo de la cultura local y que trabajan a diario por una convivencia ciudadana pac\u00edfica entre los cucute\u00f1os.<\/p>\n<p>Las mesas de di\u00e1logo programadas para participar en la primera etapa del proceso son las siguientes:<\/p>\n<p>1.- C\u00facuta Territorio Cultural: Arte, Patrimonio y Memoria.<\/p>\n<p>Invitados, artistas, gestores, creadores art\u00edsticos y culturales y organizaciones art\u00edsticas y culturales, comunidad Rrom, ind\u00edgenas y afro-descendientes.<\/p>\n<p>19 de noviembre, de 3: 00 a 6:00 de la tarde.<\/p>\n<p>2.- Convivencia Ciudadana: Una Construcci\u00f3n Colectiva desde la Cultura<\/p>\n<p>Invitados, Secretar\u00edas de Educaci\u00f3n, Gobierno y Tr\u00e1nsito municipales, Polic\u00eda, Consejo Territorial de Planificaci\u00f3n, ediles, JAC, movimientos estudiantiles, iglesias, asociaciones juveniles, organizaciones c\u00edvicas y comunitarias, personeros estudiantiles y rectores de colegios.<\/p>\n<p>20 de noviembre, de 3:00 a\u00a0 6:00 de la tarde.<\/p>\n<p>3.- Cultura y convivencia: miradas desde de la academia y medios de comunicaci\u00f3n<\/p>\n<p>Invitados, medios de comunicaci\u00f3n, sector acad\u00e9mico, universidades, instituciones de educaci\u00f3n superior, secretar\u00edas de Educaci\u00f3n Departamental y Municipal, Academia de Historia.<\/p>\n<p>21 de noviembre, de 3:00 a 6:00 de la tarde.<\/p>\n<p>4.- Cultura y convivencia ciudadana, ejes para el desarrollo fronterizo.<\/p>\n<p>&nbsp;<\/p>\n<p>Invitados, C\u00e1mara de Comercio de C\u00facuta, Fenalco, Cotelco, Consulado de la Rep\u00fablica Bolivariana de Venezuela, gerentes de hoteles, de centros comerciales, del sector productivo y de industrias culturales, directores de museos y organizaciones privadas de cultura con \u00e1nimo de lucro.<\/p>\n<p>25 de noviembre, de 3:00 a\u00a0 6:00 de la tarde.<\/p>\n<p>&nbsp; <\/p>\n","protected":false},"excerpt":{"rendered":"<p>C\u00daCUTA.- La Secretar\u00eda de Cultura y Turismo prepara el dise\u00f1o y formulaci\u00f3n\u00a0 de la Pol\u00edtica P\u00fablica de Cultura\u00a0 y Convivencia Ciudadana y el Plan Decenal de Cultura 2014-2023. El objetivo es consolidar los procesos de desarrollo cultural y art\u00edstico como fuentes de convivencia social que rescata las experiencias de la cultura ciudadana, digna de una &hellip;<\/p>\n","protected":false},"author":1,"featured_media":20106,"comment_status":"open","ping_status":"open","sticky":false,"template":"","format":"standard","meta":{"footnotes":""},"categories":[36,37],"tags":[1009],"class_list":["post-20105","post","type-post","status-publish","format-standard","has-post-thumbnail","hentry","category-la-voz-del-pueblo","category-paseo-cultural","tag-plan-decenal-de-cultura-cucuta"],"_links":{"self":[{"href":"https:\/\/contraluzcucuta.co\/index.php?rest_route=\/wp\/v2\/posts\/20105","targetHints":{"allow":["GET"]}}],"collection":[{"href":"https:\/\/contraluzcucuta.co\/index.php?rest_route=\/wp\/v2\/posts"}],"about":[{"href":"https:\/\/contraluzcucuta.co\/index.php?rest_route=\/wp\/v2\/types\/post"}],"author":[{"embeddable":true,"href":"https:\/\/contraluzcucuta.co\/index.php?rest_route=\/wp\/v2\/users\/1"}],"replies":[{"embeddable":true,"href":"https:\/\/contraluzcucuta.co\/index.php?rest_route=%2Fwp%2Fv2%2Fcomments&post=20105"}],"version-history":[{"count":1,"href":"https:\/\/contraluzcucuta.co\/index.php?rest_route=\/wp\/v2\/posts\/20105\/revisions"}],"predecessor-version":[{"id":20107,"href":"https:\/\/contraluzcucuta.co\/index.php?rest_route=\/wp\/v2\/posts\/20105\/revisions\/20107"}],"wp:featuredmedia":[{"embeddable":true,"href":"https:\/\/contraluzcucuta.co\/index.php?rest_route=\/wp\/v2\/media\/20106"}],"wp:attachment":[{"href":"https:\/\/contraluzcucuta.co\/index.php?rest_route=%2Fwp%2Fv2%2Fmedia&parent=20105"}],"wp:term":[{"taxonomy":"category","embeddable":true,"href":"https:\/\/contraluzcucuta.co\/index.php?rest_route=%2Fwp%2Fv2%2Fcategories&post=20105"},{"taxonomy":"post_tag","embeddable":true,"href":"https:\/\/contraluzcucuta.co\/index.php?rest_route=%2Fwp%2Fv2%2Ftags&post=20105"}],"curies":[{"name":"wp","href":"https:\/\/api.w.org\/{rel}","templated":true}]}}