{"id":20102,"date":"2013-11-16T18:36:39","date_gmt":"2013-11-16T23:36:39","guid":{"rendered":"http:\/\/contraluzcucuta.co\/?p=20102"},"modified":"2013-11-16T18:36:39","modified_gmt":"2013-11-16T23:36:39","slug":"unicentro-prendio-la-navidad-en-cucuta","status":"publish","type":"post","link":"https:\/\/contraluzcucuta.co\/?p=20102","title":{"rendered":"Unicentro prendi\u00f3 la Navidad, en C\u00facuta"},"content":{"rendered":"<p><b>C\u00daCUTA.-<\/b> La cuenta regresiva se escuch\u00f3 por los altoparlantes. Nueve, ocho, siete. Los cucute\u00f1os comenzaron a mirar hacia el cielo para apreciar el espect\u00e1culo que se avecinaba. Seis, cinco, cuatro. El grito del anunciador se hac\u00eda lento, mientras las familias terminaban de acomodarse en el espacio exterior del centro comercial. Tres, dos, uno, cero.<\/p>\n<p>Los encargados de encender la p\u00f3lvora prendieron la mecha y estall\u00f3 el primero de los fuegos para iluminar la noche del viernes. Arriba, los efectos multicolores se combinaban para arrancar expresiones de admiraci\u00f3n ac\u00e1 abajo.<\/p>\n<p>Pasaron largos minutos entre los estallidos luminosos y los adjetivos calificativos para el momento vivido. Ni\u00f1os y adultos, hombres y mujeres, quedaron extasiados con lo visto y que guardar\u00e1n en la memoria para compartirlo en el resto de las fiestas de fin de a\u00f1o que iniciaron a mediados de noviembre.<\/p>\n<p>Las c\u00e1maras fotogr\u00e1ficas enfocaron el punto m\u00e1s alto para captar la mejor imagen. Los tel\u00e9fonos celulares se elevaron por sobre la cabeza de los vecinos para grabar la mejor instant\u00e1nea. Los ojos se abrieron al m\u00e1ximo para no perder detalle alguno.<\/p>\n<p>Al anunciarse el final del espect\u00e1culo se escuch\u00f3 el aplauso sostenido por varios segundos. Fue el reconocimiento y el agradecimiento a la empresa que hizo posible apreciar y pasar ese momento lleno de colores, estruendos y algarab\u00eda.<\/p>\n<p>De inmediato comenz\u00f3 otra cuenta regresiva. Esta vez dar\u00eda paso al encendido de las luces el\u00e9ctricas azules. Centenares de bombillos se prendieron para arrancar de nuevo ep\u00edtetos de j\u00fabilo. \u201cFeliz Navidad\u201d, grito el animador. \u201cFeliz Navidad\u201d, grit\u00f3 el alcalde Donamaris Ram\u00edrez. \u201cFeliz Navidad\u201d, dijeron en voz baja los cucute\u00f1os que vieron c\u00f3mo Unicentro prend\u00eda la Navidad.<\/p>\n<p>Desde la tarima se pidi\u00f3 a la ciudadan\u00eda tener cuidado al consumir bebidas alcoh\u00f3licas. No conducir embriagados fue la recomendaci\u00f3n oficial para los adultos.<\/p>\n<p>Tambi\u00e9n hubo tiempo para la reflexi\u00f3n. Hay que compartir y darle al necesitado.\u00a0 Y la propuesta es adoptar a una familia pobre para que en Navidad o A\u00f1o Nuevo le regalen $ 100.000 para una cena. \u201cEsta es una oportunidad de cargarnos de espiritualidad y de demostrar que somos buenos cristianos\u201d, dijo el alcalde Ram\u00edrez.<\/p>\n<p>En diciembre, se entregar\u00e1 parte de la remodelaci\u00f3n de El Malec\u00f3n y la iluminaci\u00f3n de las avenidas Cero, Gran Colombia y Diagonal Santander. \u201cEl prop\u00f3sito es tener una C\u00facuta m\u00e1s bonita para esta Navidad\u201d, anot\u00f3 el Alcalde.<\/p>\n<p><b>RAFAEL ANTONIO PAB\u00d3N<\/b><\/p>\n<p><a href=\"mailto:rafaelpabon58@hotmail.com\">rafaelpabon58@hotmail.com<\/a><\/p>\n<p>&nbsp; <\/p>\n","protected":false},"excerpt":{"rendered":"<p>C\u00daCUTA.- La cuenta regresiva se escuch\u00f3 por los altoparlantes. Nueve, ocho, siete. Los cucute\u00f1os comenzaron a mirar hacia el cielo para apreciar el espect\u00e1culo que se avecinaba. Seis, cinco, cuatro. El grito del anunciador se hac\u00eda lento, mientras las familias terminaban de acomodarse en el espacio exterior del centro comercial. Tres, dos, uno, cero. Los &hellip;<\/p>\n","protected":false},"author":1,"featured_media":20103,"comment_status":"open","ping_status":"open","sticky":false,"template":"","format":"standard","meta":{"footnotes":""},"categories":[10,4],"tags":[1008,1007],"class_list":["post-20102","post","type-post","status-publish","format-standard","has-post-thumbnail","hentry","category-cronicas","category-barra","tag-navidad","tag-unicentro-cucuta"],"_links":{"self":[{"href":"https:\/\/contraluzcucuta.co\/index.php?rest_route=\/wp\/v2\/posts\/20102","targetHints":{"allow":["GET"]}}],"collection":[{"href":"https:\/\/contraluzcucuta.co\/index.php?rest_route=\/wp\/v2\/posts"}],"about":[{"href":"https:\/\/contraluzcucuta.co\/index.php?rest_route=\/wp\/v2\/types\/post"}],"author":[{"embeddable":true,"href":"https:\/\/contraluzcucuta.co\/index.php?rest_route=\/wp\/v2\/users\/1"}],"replies":[{"embeddable":true,"href":"https:\/\/contraluzcucuta.co\/index.php?rest_route=%2Fwp%2Fv2%2Fcomments&post=20102"}],"version-history":[{"count":1,"href":"https:\/\/contraluzcucuta.co\/index.php?rest_route=\/wp\/v2\/posts\/20102\/revisions"}],"predecessor-version":[{"id":20104,"href":"https:\/\/contraluzcucuta.co\/index.php?rest_route=\/wp\/v2\/posts\/20102\/revisions\/20104"}],"wp:featuredmedia":[{"embeddable":true,"href":"https:\/\/contraluzcucuta.co\/index.php?rest_route=\/wp\/v2\/media\/20103"}],"wp:attachment":[{"href":"https:\/\/contraluzcucuta.co\/index.php?rest_route=%2Fwp%2Fv2%2Fmedia&parent=20102"}],"wp:term":[{"taxonomy":"category","embeddable":true,"href":"https:\/\/contraluzcucuta.co\/index.php?rest_route=%2Fwp%2Fv2%2Fcategories&post=20102"},{"taxonomy":"post_tag","embeddable":true,"href":"https:\/\/contraluzcucuta.co\/index.php?rest_route=%2Fwp%2Fv2%2Ftags&post=20102"}],"curies":[{"name":"wp","href":"https:\/\/api.w.org\/{rel}","templated":true}]}}