{"id":20098,"date":"2013-11-11T21:21:53","date_gmt":"2013-11-12T02:21:53","guid":{"rendered":"http:\/\/contraluzcucuta.co\/?p=20098"},"modified":"2013-11-11T21:21:53","modified_gmt":"2013-11-12T02:21:53","slug":"300-policias-mas-para-norte-de-santander","status":"publish","type":"post","link":"https:\/\/contraluzcucuta.co\/?p=20098","title":{"rendered":"300 polic\u00edas m\u00e1s para Norte de Santander"},"content":{"rendered":"<p><b>C\u00daCUTA.-<\/b> Entre diciembre y marzo, llegar\u00e1n 300 nuevos agentes de la Polic\u00eda para\u00a0 incrementar el pie de fuerza y contribuir con la seguridad de C\u00facuta y Norte de Santander. Ser\u00e1n uniformados con varias especialidades y fortalecer\u00e1n la investigaci\u00f3n judicial y la Polic\u00eda Fiscal y Aduanera.<\/p>\n<p>La presencia de los polic\u00edas permitir\u00e1 enfrentar el contrabando de alimentos, combustible y otros bienes, proveniente de Venezuela, para garantizar m\u00e1s oportunidades a comerciantes y productores del departamento.<\/p>\n<p>El anuncio se hizo durante la visita del ministro de defensa Juan Carlos Pinz\u00f3n a la capital del departamento, luego de pasar por Tib\u00fa, la Gabarra y Convenci\u00f3n para conocer la situaci\u00f3n de la zona de El Catatumbo. En esta ciudad se comprometi\u00f3 a fortalecer el trabajo en contra de los grupos al margen de la ley, \u00f3rdenes de captura y decisiones que permitan dar el golpe decisivo para desestabilizarlas.<\/p>\n<p>\u201cColombia necesita m\u00e1s resultados con toda la legitimidad que al final produzca avances, desarrollo y prosperidad, permitiendo la construcci\u00f3n de la paz verdadera\u201d, dijo.<\/p>\n<p>El ministro Pinz\u00f3n presidi\u00f3 el Consejo de Seguridad, con participaci\u00f3n del gobernador Edgar D\u00edaz Contreras; el alcalde Donamaris Ram\u00edrez; el director nacional de la Polic\u00eda, general Rodolfo Palomino; los comandantes de las Fuerzas Militares, general Leonardo Barrero, y del Ej\u00e9rcito, general Juan Pablo Rodr\u00edguez; los alcaldes del \u00c1rea Metropolitana, funcionarios de la Fiscal\u00eda y representantes de los gremios.<\/p>\n<p>\u201cHago un reconocimiento a los avances en la lucha contra las bandas criminales. Se ha logrado la captura de decenas de miembros y cabecillas de estos grupos, lo que genera un efecto positivo en la reducci\u00f3n del homicidio, delito y extorsi\u00f3n en esta regi\u00f3n\u201d, declar\u00f3 el ministro de Defensa.<\/p>\n<p>Calific\u00f3 como magnifica la operaci\u00f3n que lider\u00f3 la Polic\u00eda y que permiti\u00f3 la captura de alias \u2018Visaje\u2019, quien delinqu\u00eda en Norte de Santander, lo que ofrece mayor tranquilidad a los ciudadanos de esta regi\u00f3n.<\/p>\n<p>El ministro Pinz\u00f3n en la visita a Tib\u00fa, la Gabarra y Convenci\u00f3n resalt\u00f3 el trabajo de los ingenieros que hacen parte de las fuerzas militares y de Polic\u00eda por la construcci\u00f3n de polideportivos, v\u00edas y otros proyectos que contribuyen al desarrollo social y econ\u00f3mico de la poblaci\u00f3n.<\/p>\n<p>Agreg\u00f3 que aunque existe una lucha constantes de la fuerza P\u00fablica contra el terrorismo y narcotr\u00e1fico en esta zona de la regi\u00f3n, se mantiene un compromiso por el bienestar de las comunidades.<\/p>\n<p>El Ministro anunci\u00f3 inversiones para la pavimentaci\u00f3n de cerca de 34 kil\u00f3metros en la v\u00eda Tib\u00fa &#8211; La Gabarra, lo que dar\u00e1 oportunidad para la generaci\u00f3n de empleo, mano de obra calificada y no calificada, y el suministro de bienes y materiales.<\/p>\n<p>&nbsp; <\/p>\n","protected":false},"excerpt":{"rendered":"<p>C\u00daCUTA.- Entre diciembre y marzo, llegar\u00e1n 300 nuevos agentes de la Polic\u00eda para\u00a0 incrementar el pie de fuerza y contribuir con la seguridad de C\u00facuta y Norte de Santander. Ser\u00e1n uniformados con varias especialidades y fortalecer\u00e1n la investigaci\u00f3n judicial y la Polic\u00eda Fiscal y Aduanera. La presencia de los polic\u00edas permitir\u00e1 enfrentar el contrabando de &hellip;<\/p>\n","protected":false},"author":1,"featured_media":20099,"comment_status":"open","ping_status":"open","sticky":false,"template":"","format":"standard","meta":{"footnotes":""},"categories":[556,4],"tags":[97],"class_list":["post-20098","post","type-post","status-publish","format-standard","has-post-thumbnail","hentry","category-departamento","category-barra","tag-policia"],"_links":{"self":[{"href":"https:\/\/contraluzcucuta.co\/index.php?rest_route=\/wp\/v2\/posts\/20098","targetHints":{"allow":["GET"]}}],"collection":[{"href":"https:\/\/contraluzcucuta.co\/index.php?rest_route=\/wp\/v2\/posts"}],"about":[{"href":"https:\/\/contraluzcucuta.co\/index.php?rest_route=\/wp\/v2\/types\/post"}],"author":[{"embeddable":true,"href":"https:\/\/contraluzcucuta.co\/index.php?rest_route=\/wp\/v2\/users\/1"}],"replies":[{"embeddable":true,"href":"https:\/\/contraluzcucuta.co\/index.php?rest_route=%2Fwp%2Fv2%2Fcomments&post=20098"}],"version-history":[{"count":1,"href":"https:\/\/contraluzcucuta.co\/index.php?rest_route=\/wp\/v2\/posts\/20098\/revisions"}],"predecessor-version":[{"id":20100,"href":"https:\/\/contraluzcucuta.co\/index.php?rest_route=\/wp\/v2\/posts\/20098\/revisions\/20100"}],"wp:featuredmedia":[{"embeddable":true,"href":"https:\/\/contraluzcucuta.co\/index.php?rest_route=\/wp\/v2\/media\/20099"}],"wp:attachment":[{"href":"https:\/\/contraluzcucuta.co\/index.php?rest_route=%2Fwp%2Fv2%2Fmedia&parent=20098"}],"wp:term":[{"taxonomy":"category","embeddable":true,"href":"https:\/\/contraluzcucuta.co\/index.php?rest_route=%2Fwp%2Fv2%2Fcategories&post=20098"},{"taxonomy":"post_tag","embeddable":true,"href":"https:\/\/contraluzcucuta.co\/index.php?rest_route=%2Fwp%2Fv2%2Ftags&post=20098"}],"curies":[{"name":"wp","href":"https:\/\/api.w.org\/{rel}","templated":true}]}}