{"id":20095,"date":"2013-11-11T20:18:19","date_gmt":"2013-11-12T01:18:19","guid":{"rendered":"http:\/\/contraluzcucuta.co\/?p=20095"},"modified":"2013-11-11T20:18:19","modified_gmt":"2013-11-12T01:18:19","slug":"pedro-infante-no-sabe-cantar","status":"publish","type":"post","link":"https:\/\/contraluzcucuta.co\/?p=20095","title":{"rendered":"Pedro Infante, no sabe cantar"},"content":{"rendered":"<p>En el barrio Sevilla, el 15 de abril de 1956, naci\u00f3 Pedro Infante, a los 7 a\u00f1os se fue a vivir a Los Patios. All\u00ed, pas\u00f3 medio siglo y por problemas de diversa \u00edndole debi\u00f3 mudarse para Guaimaral (C\u00facuta).<\/p>\n<p>Se levanta a las 5:00 de la ma\u00f1ana y lo primero que hace son sus oraciones. No puede salir de casa sin haber le\u00eddo el peri\u00f3dico y escuchar radio. Va a misa y despu\u00e9s se desplaza hacia el trabajo.<\/p>\n<p>La adolescencia fue desordenada. Hoy est\u00e1 arrepentido de\u00a0 haber ca\u00eddo en ese mundo que no quiere recordar. Tampoco quiere que nadie caiga. Como apoyo para salir de ese tormentoso pasado tuvo a su esposa.<\/p>\n<p>El hermano mayor siempre se preocup\u00f3 porque Pedro estudiara. Pas\u00f3 por el colegio y se gradu\u00f3 como bachiller. Quiso estudiar Derecho, pero la situaci\u00f3n econ\u00f3mica no se lo permiti\u00f3. Ingres\u00f3 a la universidad para prepararse como administrador de empresas aunque no le gustaba la matem\u00e1tica. No termin\u00f3 la carrera.<\/p>\n<p>El gusto por los medios de comunicaci\u00f3n lo llevaron a la radio y considera que ha tenido \u00e9xito en el periodismo. Aunque no ha pasado por la academia se desenvuelve bien en la radio. Ha trabajado en muchas emisoras de la ciudad y uno de sus profesores es Luis Eduardo Mantilla.<\/p>\n<p>\u201cNo tengo plata, pero he ganado muchas cosas para mi vida\u201d, dijo Pedro Infante. No canta como el tocayo mexicano, pero habla como pocos. Mide las palabras y busca sin\u00f3nimos para demostrar la cultura ganada con la lectura de libros. Lo apasionan las cr\u00f3nicas de Gabriel Garc\u00eda M\u00e1rquez, escritor con el que se identifica por el estilo literario.<\/p>\n<p>Trabaj\u00f3 en la Voz del Norte y Radio Punto. Por casualidad lleg\u00f3 a Apuestas C\u00facuta 75. Un d\u00eda, en el parque Santander, la suerte estuvo de su lado. Le dieron la \u2018chance\u2019 de animar una actividad de la empresa y se qued\u00f3.<\/p>\n<p>Al due\u00f1o de la agencia le gust\u00f3 lo que hizo y lo dej\u00f3 al frente de esa responsabilidad de ir por las calles cucute\u00f1as en busca de clientes para las rifas.<\/p>\n<p>\u201cMi esposa es el motor de mi vida\u201d. Con voz entrecortada record\u00f3 a la madre de sus cinco hijos y confiesa sentirse arrepentido por el tiempo que la dej\u00f3 sola. Ahora, comparte m\u00e1s tiempo con la familia y hasta se considera buen abuelo.<\/p>\n<p>Es hincha del C\u00facuta Deportivo. En materia de deportes, \u201cprimero el C\u00facuta, segundo el C\u00facuta y tercero el C\u00facuta. Pero no soy alcahueta. Me duele lo que le pase al equipo\u201d.<\/p>\n<p>Se siente feliz con lo que hace y con lo que tiene. Vive agradecido con Dios por todo lo que le ha dado.<\/p>\n<p><b>ANGIE YESENIA NI\u00d1O<\/b><\/p>\n<p><b>Estudiante de Comunicaci\u00f3n Social<\/b><\/p>\n<p><b>Universidad de Pamplona<\/b><\/p>\n<p><b>Campus de Villa del Rosario<\/b><\/p>\n<p><b>\u00a0<\/b> <\/p>\n","protected":false},"excerpt":{"rendered":"<p>En el barrio Sevilla, el 15 de abril de 1956, naci\u00f3 Pedro Infante, a los 7 a\u00f1os se fue a vivir a Los Patios. All\u00ed, pas\u00f3 medio siglo y por problemas de diversa \u00edndole debi\u00f3 mudarse para Guaimaral (C\u00facuta). Se levanta a las 5:00 de la ma\u00f1ana y lo primero que hace son sus oraciones. &hellip;<\/p>\n","protected":false},"author":1,"featured_media":20096,"comment_status":"open","ping_status":"open","sticky":false,"template":"","format":"standard","meta":{"footnotes":""},"categories":[74,45],"tags":[345],"class_list":["post-20095","post","type-post","status-publish","format-standard","has-post-thumbnail","hentry","category-aula-universitaria","category-destacado","tag-pedro-infante"],"_links":{"self":[{"href":"https:\/\/contraluzcucuta.co\/index.php?rest_route=\/wp\/v2\/posts\/20095","targetHints":{"allow":["GET"]}}],"collection":[{"href":"https:\/\/contraluzcucuta.co\/index.php?rest_route=\/wp\/v2\/posts"}],"about":[{"href":"https:\/\/contraluzcucuta.co\/index.php?rest_route=\/wp\/v2\/types\/post"}],"author":[{"embeddable":true,"href":"https:\/\/contraluzcucuta.co\/index.php?rest_route=\/wp\/v2\/users\/1"}],"replies":[{"embeddable":true,"href":"https:\/\/contraluzcucuta.co\/index.php?rest_route=%2Fwp%2Fv2%2Fcomments&post=20095"}],"version-history":[{"count":1,"href":"https:\/\/contraluzcucuta.co\/index.php?rest_route=\/wp\/v2\/posts\/20095\/revisions"}],"predecessor-version":[{"id":20097,"href":"https:\/\/contraluzcucuta.co\/index.php?rest_route=\/wp\/v2\/posts\/20095\/revisions\/20097"}],"wp:featuredmedia":[{"embeddable":true,"href":"https:\/\/contraluzcucuta.co\/index.php?rest_route=\/wp\/v2\/media\/20096"}],"wp:attachment":[{"href":"https:\/\/contraluzcucuta.co\/index.php?rest_route=%2Fwp%2Fv2%2Fmedia&parent=20095"}],"wp:term":[{"taxonomy":"category","embeddable":true,"href":"https:\/\/contraluzcucuta.co\/index.php?rest_route=%2Fwp%2Fv2%2Fcategories&post=20095"},{"taxonomy":"post_tag","embeddable":true,"href":"https:\/\/contraluzcucuta.co\/index.php?rest_route=%2Fwp%2Fv2%2Ftags&post=20095"}],"curies":[{"name":"wp","href":"https:\/\/api.w.org\/{rel}","templated":true}]}}