{"id":20089,"date":"2013-11-11T18:39:19","date_gmt":"2013-11-11T23:39:19","guid":{"rendered":"http:\/\/contraluzcucuta.co\/?p=20089"},"modified":"2013-11-11T18:39:19","modified_gmt":"2013-11-11T23:39:19","slug":"segundo-punto-de-oro-para-la-paz","status":"publish","type":"post","link":"https:\/\/contraluzcucuta.co\/?p=20089","title":{"rendered":"Segundo punto de oro para la paz"},"content":{"rendered":"<p>Como en el mejor lenguaje marinero, y despu\u00e9s de atravesar mares procelosos, \u201ccontra viento y marea\u201d se lleg\u00f3 a la firma esperanzadora del segundo punto de la agenda que el gobierno del presidente Juan Manuel Santos y las Farc discuten en las reuniones de paz en La Habana (Cuba).<\/p>\n<p>Llegar a buen puerto respecto al punto de la participaci\u00f3n pol\u00edtica es un logro que trae alegr\u00eda y esperanza a la sociedad colombiana, a la comunidad universitaria en particular y a hombres y mujeres de buena voluntad que anhelan un pa\u00eds en convivencia, justicia social y equidad.<\/p>\n<p>Debemos expresar nuestro reconocimiento al presidente Santos y a las Farc por ser capaces de conducir este anhelado proyecto de la sociedad, que seg\u00fan la \u00faltima encuesta de Gallup cuenta con el 59 % de apoyo de colombianos que respaldan las negociaciones.<\/p>\n<p>Como bien lo destac\u00f3 el editorial del diario El Espectador titulado \u2018Es un paso\u2019, y publicado el 7 de noviembre, \u201cPueden leerse en la declaraci\u00f3n tres puntos: Derechos para la oposici\u00f3n y los nuevos movimientos que surjan en virtud del acuerdo; mecanismos democr\u00e1ticos para la participaci\u00f3n ciudadana y, finalmente, medidas efectivas para que m\u00e1s sectores \u2013locales y nacionales destacados, pero tambi\u00e9n los m\u00e1s vulnerables- puedan ejercer mayor participaci\u00f3n\u201d.<\/p>\n<p>Esto es lo que con tanto ah\u00ednco se ha venido luchando y que se concreta en el esfuerzo por construir una democracia m\u00e1s activa, profunda e incluyente que le permita a la sociedad colombiana enfrentar las m\u00faltiples contradicciones que viven en su seno y que es urgente solucionar, salom\u00f3nicamente, para alejarnos del abismo hasta donde nos han conducido visiones dictatoriales del poder unidas a una corrupci\u00f3n galopante que corroe en forma peligrosa la m\u00e9dula de todo nuestro ordenamiento jur\u00eddico.<\/p>\n<p>Este avance en las conversaciones por la reconciliaci\u00f3n, despu\u00e9s de largos y dolorosos a\u00f1os de violencia fratricida, debe ser cuidado como se cuida \u201cla ni\u00f1a de los ojos\u201d, porque los caminos y los tiempos que atravesamos est\u00e1n infectados de enemigos de la paz que buscar\u00e1n cualquier oportunidad, por d\u00e9bil que sea, para asestar un golpe que ponga en riesgos estos significativos esfuerzos, porque ellos en medio de su locura e insensatez son capaces de cualquier cosa.<\/p>\n<p>Los grandes intereses econ\u00f3micos y pol\u00edticos que viven de la guerra, de la violencia, de la inequidad y del ego\u00edsmo est\u00e1n m\u00e1s vivos y activos que nunca, buscando como continuar con el \u2018descuadernamiento\u2019 de la naci\u00f3n y que es el que les permite trabajar y actuar para mantener la desesperanza y el odio en la gran familia colombiana.<\/p>\n<p>Entonces, es necesario para blindar y proteger los acuerdos pensar en un mecanismo pol\u00edtico que d\u00e9 garant\u00eda a las partes enfrentadas y nosotros proponemos desde el Programa de Paz de la Universidad Pedag\u00f3gica Nacional, la firma de un armisticio que, seg\u00fan el diccionario enciclop\u00e9dico Larousse, es \u201cla suspensi\u00f3n de hostilidades\u201d.\u00a0 En esta forma se evitar\u00edan m\u00e1s muertes y orfandad en la poblaci\u00f3n civil y en las unidades militares comprometidas en la confrontaci\u00f3n armada, as\u00ed como los da\u00f1os incalculables que se le causa a la infraestructura productiva de la naci\u00f3n.<\/p>\n<p>Dejar atr\u00e1s para siempre la violencia y lo armado como alternativas de la pol\u00edtica debe ser el mensaje claro y taxativo en los nuevos tiempos. Volver a los textos de los fil\u00f3sofos como Antonio Gramsci el inolvidable fundador del partido comunista italiano, que tanto aporte hizo en la historia y en el pensamiento marxista, para reencontrar el camino de lo p\u00fablico y convertirlo en base fundamental de los nuevos desaf\u00edos pol\u00edticos.<\/p>\n<p><b>ALONSO OJEDA AWAD<\/b><\/p>\n<p><b>Exembajador de Colombia<\/b><\/p>\n<p>&nbsp; <\/p>\n","protected":false},"excerpt":{"rendered":"<p>Como en el mejor lenguaje marinero, y despu\u00e9s de atravesar mares procelosos, \u201ccontra viento y marea\u201d se lleg\u00f3 a la firma esperanzadora del segundo punto de la agenda que el gobierno del presidente Juan Manuel Santos y las Farc discuten en las reuniones de paz en La Habana (Cuba). Llegar a buen puerto respecto al &hellip;<\/p>\n","protected":false},"author":1,"featured_media":20090,"comment_status":"open","ping_status":"open","sticky":false,"template":"","format":"standard","meta":{"footnotes":""},"categories":[14,4],"tags":[1004,1005],"class_list":["post-20089","post","type-post","status-publish","format-standard","has-post-thumbnail","hentry","category-articulistas","category-barra","tag-alonso-ojeda-awad","tag-dialogos-en-la-habana"],"_links":{"self":[{"href":"https:\/\/contraluzcucuta.co\/index.php?rest_route=\/wp\/v2\/posts\/20089","targetHints":{"allow":["GET"]}}],"collection":[{"href":"https:\/\/contraluzcucuta.co\/index.php?rest_route=\/wp\/v2\/posts"}],"about":[{"href":"https:\/\/contraluzcucuta.co\/index.php?rest_route=\/wp\/v2\/types\/post"}],"author":[{"embeddable":true,"href":"https:\/\/contraluzcucuta.co\/index.php?rest_route=\/wp\/v2\/users\/1"}],"replies":[{"embeddable":true,"href":"https:\/\/contraluzcucuta.co\/index.php?rest_route=%2Fwp%2Fv2%2Fcomments&post=20089"}],"version-history":[{"count":1,"href":"https:\/\/contraluzcucuta.co\/index.php?rest_route=\/wp\/v2\/posts\/20089\/revisions"}],"predecessor-version":[{"id":20091,"href":"https:\/\/contraluzcucuta.co\/index.php?rest_route=\/wp\/v2\/posts\/20089\/revisions\/20091"}],"wp:featuredmedia":[{"embeddable":true,"href":"https:\/\/contraluzcucuta.co\/index.php?rest_route=\/wp\/v2\/media\/20090"}],"wp:attachment":[{"href":"https:\/\/contraluzcucuta.co\/index.php?rest_route=%2Fwp%2Fv2%2Fmedia&parent=20089"}],"wp:term":[{"taxonomy":"category","embeddable":true,"href":"https:\/\/contraluzcucuta.co\/index.php?rest_route=%2Fwp%2Fv2%2Fcategories&post=20089"},{"taxonomy":"post_tag","embeddable":true,"href":"https:\/\/contraluzcucuta.co\/index.php?rest_route=%2Fwp%2Fv2%2Ftags&post=20089"}],"curies":[{"name":"wp","href":"https:\/\/api.w.org\/{rel}","templated":true}]}}