{"id":20080,"date":"2013-11-10T00:15:33","date_gmt":"2013-11-10T05:15:33","guid":{"rendered":"http:\/\/contraluzcucuta.co\/?p=20080"},"modified":"2013-11-10T00:15:33","modified_gmt":"2013-11-10T05:15:33","slug":"recuerdan-aquel-paro-de-53-dias","status":"publish","type":"post","link":"https:\/\/contraluzcucuta.co\/?p=20080","title":{"rendered":"\u00bfRecuerdan aquel paro de 53 d\u00edas?"},"content":{"rendered":"<p><strong>TIB\u00da &#8211; Norte de Santander.-<\/strong> Muchos meses han pasado desde que el Gobierno y los l\u00edderes de la Asociaci\u00f3n Campesina del Catatumbo (Ascamcat) lograron el acuerdo para levantar el bloqueo que por m\u00e1s de 53 d\u00edas mantuvo cercado a Tib\u00fa.<\/p>\n<p>Campesinos de todas las latitudes de las vastas selvas de El Catatumbo salieron a exigir sus derechos y a expresar sus inconformidades. Bien por ellos. Lo malo es que lo hac\u00edan mientras violaban y vulneraban los derechos de los habitantes del municipio petrolero. As\u00ed comenzaron a aglomerarse en distintos puntos de la zona y lograron consolidar una tropa que afront\u00f3 todo tipo de embestidas.<\/p>\n<p>Dif\u00edciles condiciones econ\u00f3micas, sociales y humanas se vivieron durante los frustrantes 53 d\u00edas de inactividad en Tib\u00fa. El comercio quebrado, los habitantes al borde de la locura y la soluci\u00f3n que no se encontraba, provocaba un sinsabor que ajaba los paladares de la esperanza entre los oriundos del Faro del Catatumbo, como es conocido el municipio.<\/p>\n<p>Tiempo despu\u00e9s, lleg\u00f3 el esperado momento que hac\u00eda muchas noches los habitantes del pueblo esperaban, el fin del bloqueo, del atropello y de la zozobra. Lleg\u00f3 un sinn\u00famero de promesas que alentaban e ilusionaban a las familias tibuyanas, despu\u00e9s de vivir en carne propia el infierno del encierro.<\/p>\n<p>Durante ese lapso, muchas promesas salieron a flote. Mejoras en las condiciones sociales y econ\u00f3micas de los pobladores, mejoras en la salud, en la educaci\u00f3n, en las v\u00edas de acceso al municipio, y apoyo al agro resonaron en las calles.<\/p>\n<p>Ha pasado el tiempo y sigue vivi\u00e9ndose en lo mismo, en la misma desigualdad, en la misma inconformidad, y todo parece indicar que a los pobladores se los olvid\u00f3 que pasaron casi dos meses en condiciones infrahumanas por culpa de ambos sectores en disputa.<\/p>\n<p>Se olvid\u00f3 la lucha, se olvid\u00f3 de los alcances y provechos que se hubieran podido obtener, parad\u00f3jicamente, gracias al bloqueo, y m\u00e1s lamentable a\u00fan, se olvid\u00f3 de los compromisos que en conjunto se hab\u00edan propuesto alcanzar despu\u00e9s de la grave situaci\u00f3n.<\/p>\n<p>Es triste ver una poblaci\u00f3n condenada al despotismo, a la impunidad y al abandono por parte del Gobierno, mientras de las entra\u00f1as de El Catatumbo se extraen incalculables riquezas, millones de metros c\u00fabicos de gas, miles de barriles de petr\u00f3leo y cientos de toneladas de \u00a0carb\u00f3n. Y los pobladores son v\u00edctimas del hambre, de la miseria, de la desigualdad social y del olvido.<\/p>\n<p>No quiero alargar m\u00e1s este discurso, porque no s\u00e9 si tenga sentido o no, solo quiero que mis paisanos tomen conciencia de que lo que pas\u00f3 no fue por casualidad, no fue porque s\u00ed; fue un acto de represi\u00f3n hacia los abusos que por muchas d\u00e9cadas han sufrido, y que sirva como ejemplo de lucha y pujanza.<\/p>\n<p>Ojal\u00e1 todos apoyen y contribuyan para que la zona de El Catatumbo sea no una zona de reserva campesina, sino una zona de paz, que as\u00ed la hagan ver como una utop\u00eda se convierta en la realidad que cientos de campesinos y gente del com\u00fan espera lograr.<\/p>\n<p><b>ELIBARDO LE\u00d3N <\/b><\/p>\n<p><a href=\"mailto:eleones89@hotmail.com\">eleones89@hotmail.com<\/a><\/p>\n<p>&nbsp; <\/p>\n","protected":false},"excerpt":{"rendered":"<p>TIB\u00da &#8211; Norte de Santander.- Muchos meses han pasado desde que el Gobierno y los l\u00edderes de la Asociaci\u00f3n Campesina del Catatumbo (Ascamcat) lograron el acuerdo para levantar el bloqueo que por m\u00e1s de 53 d\u00edas mantuvo cercado a Tib\u00fa. Campesinos de todas las latitudes de las vastas selvas de El Catatumbo salieron a exigir &hellip;<\/p>\n","protected":false},"author":1,"featured_media":20081,"comment_status":"open","ping_status":"open","sticky":false,"template":"","format":"standard","meta":{"footnotes":""},"categories":[32],"tags":[1003],"class_list":["post-20080","post","type-post","status-publish","format-standard","has-post-thumbnail","hentry","category-recorrido-por-la-region","tag-crisis-en-tibu"],"_links":{"self":[{"href":"https:\/\/contraluzcucuta.co\/index.php?rest_route=\/wp\/v2\/posts\/20080","targetHints":{"allow":["GET"]}}],"collection":[{"href":"https:\/\/contraluzcucuta.co\/index.php?rest_route=\/wp\/v2\/posts"}],"about":[{"href":"https:\/\/contraluzcucuta.co\/index.php?rest_route=\/wp\/v2\/types\/post"}],"author":[{"embeddable":true,"href":"https:\/\/contraluzcucuta.co\/index.php?rest_route=\/wp\/v2\/users\/1"}],"replies":[{"embeddable":true,"href":"https:\/\/contraluzcucuta.co\/index.php?rest_route=%2Fwp%2Fv2%2Fcomments&post=20080"}],"version-history":[{"count":1,"href":"https:\/\/contraluzcucuta.co\/index.php?rest_route=\/wp\/v2\/posts\/20080\/revisions"}],"predecessor-version":[{"id":20082,"href":"https:\/\/contraluzcucuta.co\/index.php?rest_route=\/wp\/v2\/posts\/20080\/revisions\/20082"}],"wp:featuredmedia":[{"embeddable":true,"href":"https:\/\/contraluzcucuta.co\/index.php?rest_route=\/wp\/v2\/media\/20081"}],"wp:attachment":[{"href":"https:\/\/contraluzcucuta.co\/index.php?rest_route=%2Fwp%2Fv2%2Fmedia&parent=20080"}],"wp:term":[{"taxonomy":"category","embeddable":true,"href":"https:\/\/contraluzcucuta.co\/index.php?rest_route=%2Fwp%2Fv2%2Fcategories&post=20080"},{"taxonomy":"post_tag","embeddable":true,"href":"https:\/\/contraluzcucuta.co\/index.php?rest_route=%2Fwp%2Fv2%2Ftags&post=20080"}],"curies":[{"name":"wp","href":"https:\/\/api.w.org\/{rel}","templated":true}]}}