{"id":20077,"date":"2013-11-10T00:08:02","date_gmt":"2013-11-10T05:08:02","guid":{"rendered":"http:\/\/contraluzcucuta.co\/?p=20077"},"modified":"2013-11-10T00:08:42","modified_gmt":"2013-11-10T05:08:42","slug":"venezolanos-seran-exonerados-del-iva-en-el-2014","status":"publish","type":"post","link":"https:\/\/contraluzcucuta.co\/?p=20077","title":{"rendered":"Venezolanos ser\u00e1n exonerados del IVA, en el 2014"},"content":{"rendered":"<p><b>C\u00daCUTA.-<\/b> Los venezolanos que compren en C\u00facuta ser\u00e1n exonerados del pago del Impuesto al Valor Agregado (IVA). El decreto reglamentario de la medida ser\u00e1 expedido en diciembre y empezar\u00e1 a regir en enero. La buena nueva la dio en esta capital el ministro de hacienda Mauricio C\u00e1rdenas Santamar\u00eda.<\/p>\n<p>En el 2011, cuando se agudiz\u00f3 al crisis econ\u00f3mica cucute\u00f1a por los enfrentamientos pol\u00edticos entre los presidentes de Colombia, \u00c1lvaro Uribe, y de Venezuela, Hugo Ch\u00e1vez, el gobierno colombiano declar\u00f3 una medida similar.<\/p>\n<p>Los comerciantes, en esa \u00e9poca, tuvieron un alivio en los ingresos durante tres meses. Ahora, se busca la aplicaci\u00f3n de un sistema similar para paliar la situaci\u00f3n de escasez de recursos que afronta el sector comercio en la capital de Norte de Santander.<\/p>\n<p>El ministro C\u00e1rdenas se reuni\u00f3 con el alcalde Donamaris Ram\u00edrez, concejales, gerentes de centros comerciales y comerciantes de calzado, marroquiner\u00eda, confecciones y arcilla, entre otros sectores, para tratar lo relacionado con la reglamentaci\u00f3n del IVA.<\/p>\n<p>Ese tipo de alivios fiscales permite la disminuci\u00f3n de costos en los productos de origen colombiano y los hace accesibles al bolsillo de consumidores provenientes de Venezuela para reactivar la econom\u00eda local, generar mayor oferta y abrir la posibilidad de compra.<\/p>\n<p>Otro asunto tratado este fin de semana fue el relacionado con la deuda a los docentes de C\u00facuta, entre el 2004 y el 2011, que hacen parte de los ascensos de escalaf\u00f3n. La planta docente del municipio se reuni\u00f3 en el Teatro Avenida con los ministros C\u00e1rdenas y su par de Educaci\u00f3n, Mar\u00eda Fernanda Campo.<\/p>\n<p>M\u00e1s de $ 5700 millones estar\u00e1n destinados para saldar la deuda con los maestros, de los cuales la Alcald\u00eda de C\u00facuta aportar\u00e1 $ 777 millones \u00a0y el Ministerio de Hacienda $ 4893 millones. A la espera de la noticia positiva permanec\u00edan 2000 maestros hace siete a\u00f1os.<\/p>\n<p>&nbsp;<\/p>\n<p>&nbsp; <\/p>\n","protected":false},"excerpt":{"rendered":"<p>C\u00daCUTA.- Los venezolanos que compren en C\u00facuta ser\u00e1n exonerados del pago del Impuesto al Valor Agregado (IVA). El decreto reglamentario de la medida ser\u00e1 expedido en diciembre y empezar\u00e1 a regir en enero. La buena nueva la dio en esta capital el ministro de hacienda Mauricio C\u00e1rdenas Santamar\u00eda. En el 2011, cuando se agudiz\u00f3 al &hellip;<\/p>\n","protected":false},"author":1,"featured_media":20078,"comment_status":"open","ping_status":"open","sticky":false,"template":"","format":"standard","meta":{"footnotes":""},"categories":[6],"tags":[1002],"class_list":["post-20077","post","type-post","status-publish","format-standard","has-post-thumbnail","hentry","category-ojo-avizor","tag-iva-a-los-venezolanos"],"_links":{"self":[{"href":"https:\/\/contraluzcucuta.co\/index.php?rest_route=\/wp\/v2\/posts\/20077","targetHints":{"allow":["GET"]}}],"collection":[{"href":"https:\/\/contraluzcucuta.co\/index.php?rest_route=\/wp\/v2\/posts"}],"about":[{"href":"https:\/\/contraluzcucuta.co\/index.php?rest_route=\/wp\/v2\/types\/post"}],"author":[{"embeddable":true,"href":"https:\/\/contraluzcucuta.co\/index.php?rest_route=\/wp\/v2\/users\/1"}],"replies":[{"embeddable":true,"href":"https:\/\/contraluzcucuta.co\/index.php?rest_route=%2Fwp%2Fv2%2Fcomments&post=20077"}],"version-history":[{"count":1,"href":"https:\/\/contraluzcucuta.co\/index.php?rest_route=\/wp\/v2\/posts\/20077\/revisions"}],"predecessor-version":[{"id":20079,"href":"https:\/\/contraluzcucuta.co\/index.php?rest_route=\/wp\/v2\/posts\/20077\/revisions\/20079"}],"wp:featuredmedia":[{"embeddable":true,"href":"https:\/\/contraluzcucuta.co\/index.php?rest_route=\/wp\/v2\/media\/20078"}],"wp:attachment":[{"href":"https:\/\/contraluzcucuta.co\/index.php?rest_route=%2Fwp%2Fv2%2Fmedia&parent=20077"}],"wp:term":[{"taxonomy":"category","embeddable":true,"href":"https:\/\/contraluzcucuta.co\/index.php?rest_route=%2Fwp%2Fv2%2Fcategories&post=20077"},{"taxonomy":"post_tag","embeddable":true,"href":"https:\/\/contraluzcucuta.co\/index.php?rest_route=%2Fwp%2Fv2%2Ftags&post=20077"}],"curies":[{"name":"wp","href":"https:\/\/api.w.org\/{rel}","templated":true}]}}