{"id":20074,"date":"2013-11-10T00:02:06","date_gmt":"2013-11-10T05:02:06","guid":{"rendered":"http:\/\/contraluzcucuta.co\/?p=20074"},"modified":"2013-11-10T00:02:06","modified_gmt":"2013-11-10T05:02:06","slug":"en-reparacion-la-casa-de-festejos-mas-grande-de-cucuta","status":"publish","type":"post","link":"https:\/\/contraluzcucuta.co\/?p=20074","title":{"rendered":"En reparaci\u00f3n la casa de festejos m\u00e1s grande de C\u00facuta"},"content":{"rendered":"<p><b>C\u00daCUTA.-<\/b> Pisado y utilizado por todos, El Malec\u00f3n de C\u00facuta es un punto de encuentro que tiene a su espalda las secuelas del olvido y el deterioro natural. Lugar amado y olvidado \u00bfCu\u00e1l es la verdad?<\/p>\n<p>Ubicado en la avenida Los Libertadores, inicia en la glorieta de San Rafael y termina en el Puente de Guadua. El Malec\u00f3n es un sitio de constante actividad. En la ma\u00f1ana, los deportistas caminan por un sedero desgastado para mantenerse en forma y cuidar la salud. La tarde, cobija a las familias y la risa de los hijos. La noche, por lo contrario, retumba sin parar al ritmo de ba\u00fales abiertos y pasiones florecidas.<\/p>\n<p>Este es uno de los tres malecones m\u00e1s extensos de Colombia. Alberga restaurantes, bares, discotecas y lugares deportivos, como el patinadero al final del recorrido. Parece un lugar perfecto por los diferentes ambientes, pero la realidad es otra.<\/p>\n<p>Los hombres y las mujeres, pocas veces, se apropian de coraz\u00f3n de los espacios, as\u00ed como cuando se tiene una novia s\u00f3lo para disfrutar y usar, m\u00e1s no para cuidar y valorar. Ese es el reflejo de un trayecto que llora su verde apagado y de un r\u00edo Pamplonita m\u00e1s muerto que vivo, sin fuerzas para luchar.<\/p>\n<p>Seg\u00fan el diccionario, malec\u00f3n significa \u2018Muro construido como protecci\u00f3n contra las aguas\u201d. Qu\u00e9 paradoja tan triste, dir\u00e1n. Basta con usar los cinco sentidos para reconocer que faltan atenci\u00f3n y cuidado para el lugar.<\/p>\n<p>El Malec\u00f3n es anfitri\u00f3n de fechas importantes. En el D\u00eda de la Independencia, Halloween y Navidad los cucute\u00f1os llenan hasta el m\u00e1s peque\u00f1os espacio para disfrutar. Los partidos de f\u00fatbol no se celebran mejor en ninguna otra parte, maicena viene, espuma va. Es la casa de festejos m\u00e1s grande de la ciudad.<\/p>\n<p>Los domingos, a las 6:00 de la ma\u00f1ana, inicia \u00a0la ciclov\u00eda y se cierra el paso a todo tipo de veh\u00edculos y de motos, para que quienes caminan, patinan o andan en bicicleta aprovechen con seguridad los cinco kil\u00f3metros de pavimento.<\/p>\n<p>Qui\u00e9n no conoce \u2018E Hueco\u2019, o mejor a\u00fan, qui\u00e9n no ha disfrutado de las comidas r\u00e1pidas que preparan los cocineros con facilidad, sabrosas, apetitosas y a precio dif\u00edcil de igualar.<\/p>\n<p><b>LA REMODELACI\u00d3N <\/b><\/p>\n<p>Como del cielo caen los arreglos que se adelantan en El Malec\u00f3n, pero que deben cuidarse. Despu\u00e9s de conocer el deterioro y ver que se hace algo por cambiarlo, tambi\u00e9n la forma de pensar debe ir m\u00e1s all\u00e1. Se va a seguir usando, pero ojal\u00e1 con otra mentalidad.<\/p>\n<p>Las modificaciones pretenden que El Malec\u00f3n sea m\u00e1s agradable y acogedor. Como el lugar es amplio se decidi\u00f3 dividirlo en cuatro zonas para facilitar la construcci\u00f3n:<\/p>\n<p>1.- La zona 1. Va de la glorieta de San Rafael hasta donde termina la parte alta del muro<\/p>\n<p>2.- La zona 2. Llega hasta \u2018El Hueco\u2019.<\/p>\n<p>3.- La zona 3. Va de la caseta vallenata hasta Rodizio<\/p>\n<p>4.- La zona 4. Contin\u00faa hasta el patinadero.<\/p>\n<p>La zona 2 es en la que se ha avanzado m\u00e1s. Se puede apreciar el nuevo sendero y muchos hombres de casco amarillo trabajan sin parar. En las 3 y 4 se dan los primeros pasos del arreglo. La 1, est\u00e1 por dise\u00f1ar.<\/p>\n<p>El nuevo sendero se caracteriza por varias medias lunas negras. La idea es que del lado de la calle se planten arbustos y c\u00e9sped para devolverle el verde al lugar. Del otro lado, se instalar\u00e1n equipos biom\u00e9dicos para que hombres y mujeres trabajen la cintura, las piernas y los abdominales de manera divertida y al aire libre.<\/p>\n<p>Para construir el sendero se deben retirar los puestos de comida junto al teatro Las Cascadas, en la zona 4. Los vendedores no ser\u00e1n desalojados, se construir\u00e1n 25 locales para reubicarlos y mejorar el aspecto del sitio.<\/p>\n<p>El Malec\u00f3n tendr\u00e1 una fachada diferente. Se siembra una semilla de la que se esperan grandes frutos y progresos; sobre todo de amor y cuidado por parte de quienes lo utilizan y viven sobre su piso aventuras de nunca olvidar.<\/p>\n<p><b>ANDREA PAOLA NOVOA VEL\u00c1SQUEZ<\/b><\/p>\n<p>Estudiante de Comunicaci\u00f3n Social<\/p>\n<p>Universidad de Pamplona<\/p>\n<p>Campus de Villa del Rosario<\/p>\n<p><b>Fotos: MASRCO S\u00daA<\/b><\/p>\n<p><b>\u00a0<\/b><\/p>\n<p><b>\u00a0<\/b><\/p>\n<p>&nbsp; <\/p>\n","protected":false},"excerpt":{"rendered":"<p>C\u00daCUTA.- Pisado y utilizado por todos, El Malec\u00f3n de C\u00facuta es un punto de encuentro que tiene a su espalda las secuelas del olvido y el deterioro natural. Lugar amado y olvidado \u00bfCu\u00e1l es la verdad? Ubicado en la avenida Los Libertadores, inicia en la glorieta de San Rafael y termina en el Puente de &hellip;<\/p>\n","protected":false},"author":1,"featured_media":20075,"comment_status":"open","ping_status":"open","sticky":false,"template":"","format":"standard","meta":{"footnotes":""},"categories":[74,541,4],"tags":[695],"class_list":["post-20074","post","type-post","status-publish","format-standard","has-post-thumbnail","hentry","category-aula-universitaria","category-ciudad","category-barra","tag-el-malecon-de-cucuta"],"_links":{"self":[{"href":"https:\/\/contraluzcucuta.co\/index.php?rest_route=\/wp\/v2\/posts\/20074","targetHints":{"allow":["GET"]}}],"collection":[{"href":"https:\/\/contraluzcucuta.co\/index.php?rest_route=\/wp\/v2\/posts"}],"about":[{"href":"https:\/\/contraluzcucuta.co\/index.php?rest_route=\/wp\/v2\/types\/post"}],"author":[{"embeddable":true,"href":"https:\/\/contraluzcucuta.co\/index.php?rest_route=\/wp\/v2\/users\/1"}],"replies":[{"embeddable":true,"href":"https:\/\/contraluzcucuta.co\/index.php?rest_route=%2Fwp%2Fv2%2Fcomments&post=20074"}],"version-history":[{"count":1,"href":"https:\/\/contraluzcucuta.co\/index.php?rest_route=\/wp\/v2\/posts\/20074\/revisions"}],"predecessor-version":[{"id":20076,"href":"https:\/\/contraluzcucuta.co\/index.php?rest_route=\/wp\/v2\/posts\/20074\/revisions\/20076"}],"wp:featuredmedia":[{"embeddable":true,"href":"https:\/\/contraluzcucuta.co\/index.php?rest_route=\/wp\/v2\/media\/20075"}],"wp:attachment":[{"href":"https:\/\/contraluzcucuta.co\/index.php?rest_route=%2Fwp%2Fv2%2Fmedia&parent=20074"}],"wp:term":[{"taxonomy":"category","embeddable":true,"href":"https:\/\/contraluzcucuta.co\/index.php?rest_route=%2Fwp%2Fv2%2Fcategories&post=20074"},{"taxonomy":"post_tag","embeddable":true,"href":"https:\/\/contraluzcucuta.co\/index.php?rest_route=%2Fwp%2Fv2%2Ftags&post=20074"}],"curies":[{"name":"wp","href":"https:\/\/api.w.org\/{rel}","templated":true}]}}