{"id":20071,"date":"2013-11-09T23:52:18","date_gmt":"2013-11-10T04:52:18","guid":{"rendered":"http:\/\/contraluzcucuta.co\/?p=20071"},"modified":"2013-11-09T23:52:18","modified_gmt":"2013-11-10T04:52:18","slug":"las-mercedes-centro-comercial-de-la-moda","status":"publish","type":"post","link":"https:\/\/contraluzcucuta.co\/?p=20071","title":{"rendered":"Las Mercedes, centro comercial de la moda"},"content":{"rendered":"<p><b>C\u00daCUTA.-<\/b> Otro empuj\u00f3n para el centro comercial Las Mercedes. Ahora, ser\u00e1 Centro de Moda. La Alcald\u00eda, en el af\u00e1n por darle vida a este edificio construido como soluci\u00f3n al problema de las ventas ambulantes, entreg\u00f3 160 locales\u00a0 a industriales del calzado y comerciantes de textiles y bisuter\u00eda.<\/p>\n<p>Al principio, el proyecto se traz\u00f3 para sacar de las calles a los informales y dignificar su trabajo. La respuesta fue negativa por los costos y la comodidad de hombres y mujeres por permanecer en el espacio p\u00fablico sin pagar impuestos o gravamen alguno al gobierno cucute\u00f1o.<\/p>\n<p>Los puestos de venta han permanecido con la santamar\u00eda abajo por falta de propietarios o arrendatarios. Entre tanto, la otrora C\u00e1rcel Modelo, se ha convertido en bien mostrenco de la ciudad. Los proyectos no han cuajado y hoy se propone otro.<\/p>\n<p>En ejecuci\u00f3n de la estrategia social para la reactivaci\u00f3n de la industria local y la generaci\u00f3n de empleo, el alcalde Donamaris Ram\u00edrez entreg\u00f3 los 160 puntos de exhibici\u00f3n de mercanc\u00eda.<\/p>\n<p>Ahora, Las Mercedes se conocer\u00e1 como Centro Comercial de la Moda. Concentrar\u00e1 los puntos de f\u00e1brica de calzado y venta de textiles. La apertura da inicio a la temporada navide\u00f1a para los nuevos ocupantes de locales, que tienen opci\u00f3n de compra por espacio de cuatro meses y 10 a\u00f1os para pagarlos.<\/p>\n<p>Los locales entregados son para estrenar y los empresarios han adquirido el compromiso de hacer la decoraci\u00f3n y las estanter\u00edas, la promoci\u00f3n y la difusi\u00f3n bajo el lema \u2018Punto de f\u00e1brica\u2019.<\/p>\n<p>Los productos que se exhibir\u00e1n\u00a0 son de calidad y tendr\u00e1n precios competitivos, tendencia actual y moda. Para los industriales del calzado ofrecer los productos en el centro comercial es una manera de retribuirle a la comunidad cucute\u00f1a el apoyo dado durante la Feria del Calzado.<\/p>\n<p>Para acceder a un local solo basta con tener perfil de comerciante, presentar C\u00e1mara de Comercio, Registro \u00danico Tributario y tener la certeza de que all\u00ed puede complementar el proceso de producci\u00f3n. La idea es que los locales se constituyan en canales de distribuci\u00f3n y los cucute\u00f1os compren a precios de f\u00e1brica.<\/p>\n<p>&nbsp; <\/p>\n","protected":false},"excerpt":{"rendered":"<p>C\u00daCUTA.- Otro empuj\u00f3n para el centro comercial Las Mercedes. Ahora, ser\u00e1 Centro de Moda. La Alcald\u00eda, en el af\u00e1n por darle vida a este edificio construido como soluci\u00f3n al problema de las ventas ambulantes, entreg\u00f3 160 locales\u00a0 a industriales del calzado y comerciantes de textiles y bisuter\u00eda. Al principio, el proyecto se traz\u00f3 para sacar &hellip;<\/p>\n","protected":false},"author":1,"featured_media":20072,"comment_status":"open","ping_status":"open","sticky":false,"template":"","format":"standard","meta":{"footnotes":""},"categories":[541,4],"tags":[868],"class_list":["post-20071","post","type-post","status-publish","format-standard","has-post-thumbnail","hentry","category-ciudad","category-barra","tag-centro-comercial-las-mercedes"],"_links":{"self":[{"href":"https:\/\/contraluzcucuta.co\/index.php?rest_route=\/wp\/v2\/posts\/20071","targetHints":{"allow":["GET"]}}],"collection":[{"href":"https:\/\/contraluzcucuta.co\/index.php?rest_route=\/wp\/v2\/posts"}],"about":[{"href":"https:\/\/contraluzcucuta.co\/index.php?rest_route=\/wp\/v2\/types\/post"}],"author":[{"embeddable":true,"href":"https:\/\/contraluzcucuta.co\/index.php?rest_route=\/wp\/v2\/users\/1"}],"replies":[{"embeddable":true,"href":"https:\/\/contraluzcucuta.co\/index.php?rest_route=%2Fwp%2Fv2%2Fcomments&post=20071"}],"version-history":[{"count":1,"href":"https:\/\/contraluzcucuta.co\/index.php?rest_route=\/wp\/v2\/posts\/20071\/revisions"}],"predecessor-version":[{"id":20073,"href":"https:\/\/contraluzcucuta.co\/index.php?rest_route=\/wp\/v2\/posts\/20071\/revisions\/20073"}],"wp:featuredmedia":[{"embeddable":true,"href":"https:\/\/contraluzcucuta.co\/index.php?rest_route=\/wp\/v2\/media\/20072"}],"wp:attachment":[{"href":"https:\/\/contraluzcucuta.co\/index.php?rest_route=%2Fwp%2Fv2%2Fmedia&parent=20071"}],"wp:term":[{"taxonomy":"category","embeddable":true,"href":"https:\/\/contraluzcucuta.co\/index.php?rest_route=%2Fwp%2Fv2%2Fcategories&post=20071"},{"taxonomy":"post_tag","embeddable":true,"href":"https:\/\/contraluzcucuta.co\/index.php?rest_route=%2Fwp%2Fv2%2Ftags&post=20071"}],"curies":[{"name":"wp","href":"https:\/\/api.w.org\/{rel}","templated":true}]}}