{"id":20068,"date":"2013-11-09T23:47:59","date_gmt":"2013-11-10T04:47:59","guid":{"rendered":"http:\/\/contraluzcucuta.co\/?p=20068"},"modified":"2013-11-09T23:47:59","modified_gmt":"2013-11-10T04:47:59","slug":"rector-de-unipamplona-suena-con-bajar-costos-de-matriculas","status":"publish","type":"post","link":"https:\/\/contraluzcucuta.co\/?p=20068","title":{"rendered":"Rector de Unipamplona sue\u00f1a con bajar costos de matr\u00edculas"},"content":{"rendered":"<p><b>VILLA DEL ROSARIO \u2013 Norte de Santander.-<\/b> El techo de la Universidad de Pamplona se sostiene con las matr\u00edculas altas que pagan los estudiantes, dijo de manera figurada el rector Elio Serrano para hacer referencia a la situaci\u00f3n econ\u00f3mica del centro de estudios superiores.<\/p>\n<p>La declaraci\u00f3n se hizo en el auditorio principal del campus de Villa del Rosario delante de los ministros de Hacienda y Educaci\u00f3n, parlamentarios de Norte de Santander, rectores, docentes y universitarios. \u201cEst\u00e1n todos los que necesit\u00e1bamos que estuvieran\u201d, afirm\u00f3.<\/p>\n<p>La universidad ocupa terrenos de la Gobernaci\u00f3n, el Iser y la Esap en C\u00facuta, Pamplona y Villa del Rosario. La deserci\u00f3n estudiantil ha sido un problema constante desde el 2009. En ese a\u00f1o, la cifra de alumnos superaba los 30.000. Este a\u00f1o solo llegan a 13.000.<\/p>\n<p>La mayor\u00eda de la poblaci\u00f3n universitaria es de los estratos uno (8300), dos (7259) y tres (1653). \u201cLa Universidad les da la oportunidad a los estratos pobres\u201d y entrega subsidios para alimentaci\u00f3n y trasporte.<\/p>\n<p>Una propuesta del rector Serrano es congelar los costos de las matr\u00edculas por tres a\u00f1os consecutivos. Para lograr ese sue\u00f1o y bajar los \u00edndices de la deserci\u00f3n al 10 por ciento, el Estado debe subir la participaci\u00f3n de la trasferencias en $ 30.000 millones.<\/p>\n<p>Los ministros Mauricio C\u00e1rdenas (Hacienda) y Mar\u00eda Fernanda Campo (Educaci\u00f3n) escucharon con atenci\u00f3n la propuesta y tomaron nota. Los congresistas Juan Fernando Cristo, Iv\u00e1n Clavijo, Manuel Guillermo Mora y Alejandro Carlos Chac\u00f3n aplaudieron las palabras de Elio Serrano.<\/p>\n<p>La deuda de la Universidad de Pamplona, arrastrada desde los \u00faltimos cinco a\u00f1os, llega a los $ 27.000 millones. \u201cNo podemos sacar en cinco a\u00f1os los recursos para cumplirles a los bancos\u201d, por eso la mirada del rector a la mesa principal para pedirles a los miembros que se comprometan con la instituci\u00f3n.<\/p>\n<p>\u201c\u00bfC\u00f3mo pagar sin tener que meterles la mano a los estudiantes?\u201d, se pregunt\u00f3. A rengl\u00f3n seguido se respondi\u00f3. \u201cCon los parlamentarios vamos a lograr algo importante\u201d, porque \u201cen poco tiempo vamos a tener la universidad que nos merecemos como zona de frontera\u201d.<\/p>\n<p><b>RAFAEL ANTONIO PAB\u00d3N<\/b><\/p>\n<p><a href=\"mailto:rafaelpabon58@hotmail.com\">rafaelpabon58@hotmail.com<\/a><\/p>\n<p><b>Foto: MARCO S\u00daA<\/b><\/p>\n<p>&nbsp; <\/p>\n","protected":false},"excerpt":{"rendered":"<p>VILLA DEL ROSARIO \u2013 Norte de Santander.- El techo de la Universidad de Pamplona se sostiene con las matr\u00edculas altas que pagan los estudiantes, dijo de manera figurada el rector Elio Serrano para hacer referencia a la situaci\u00f3n econ\u00f3mica del centro de estudios superiores. La declaraci\u00f3n se hizo en el auditorio principal del campus de &hellip;<\/p>\n","protected":false},"author":1,"featured_media":20069,"comment_status":"open","ping_status":"open","sticky":false,"template":"","format":"standard","meta":{"footnotes":""},"categories":[74,4],"tags":[1000,1001],"class_list":["post-20068","post","type-post","status-publish","format-standard","has-post-thumbnail","hentry","category-aula-universitaria","category-barra","tag-elio-serranos","tag-rector-de-unipamplona"],"_links":{"self":[{"href":"https:\/\/contraluzcucuta.co\/index.php?rest_route=\/wp\/v2\/posts\/20068","targetHints":{"allow":["GET"]}}],"collection":[{"href":"https:\/\/contraluzcucuta.co\/index.php?rest_route=\/wp\/v2\/posts"}],"about":[{"href":"https:\/\/contraluzcucuta.co\/index.php?rest_route=\/wp\/v2\/types\/post"}],"author":[{"embeddable":true,"href":"https:\/\/contraluzcucuta.co\/index.php?rest_route=\/wp\/v2\/users\/1"}],"replies":[{"embeddable":true,"href":"https:\/\/contraluzcucuta.co\/index.php?rest_route=%2Fwp%2Fv2%2Fcomments&post=20068"}],"version-history":[{"count":1,"href":"https:\/\/contraluzcucuta.co\/index.php?rest_route=\/wp\/v2\/posts\/20068\/revisions"}],"predecessor-version":[{"id":20070,"href":"https:\/\/contraluzcucuta.co\/index.php?rest_route=\/wp\/v2\/posts\/20068\/revisions\/20070"}],"wp:featuredmedia":[{"embeddable":true,"href":"https:\/\/contraluzcucuta.co\/index.php?rest_route=\/wp\/v2\/media\/20069"}],"wp:attachment":[{"href":"https:\/\/contraluzcucuta.co\/index.php?rest_route=%2Fwp%2Fv2%2Fmedia&parent=20068"}],"wp:term":[{"taxonomy":"category","embeddable":true,"href":"https:\/\/contraluzcucuta.co\/index.php?rest_route=%2Fwp%2Fv2%2Fcategories&post=20068"},{"taxonomy":"post_tag","embeddable":true,"href":"https:\/\/contraluzcucuta.co\/index.php?rest_route=%2Fwp%2Fv2%2Ftags&post=20068"}],"curies":[{"name":"wp","href":"https:\/\/api.w.org\/{rel}","templated":true}]}}