{"id":20065,"date":"2013-11-09T23:41:38","date_gmt":"2013-11-10T04:41:38","guid":{"rendered":"http:\/\/contraluzcucuta.co\/?p=20065"},"modified":"2013-11-09T23:41:38","modified_gmt":"2013-11-10T04:41:38","slug":"cree-entrega-18-000-millones-a-universidades-de-norte-de-santander","status":"publish","type":"post","link":"https:\/\/contraluzcucuta.co\/?p=20065","title":{"rendered":"CREE entrega $ 18.000 millones a universidades de Norte de Santander"},"content":{"rendered":"<p><b>VILLA DEL ROSARIO \u2013 Norte de Santander.-<\/b> La ministra de Educaci\u00f3n, Mar\u00eda Fernanda Campo, visit\u00f3 el campus de Villa del Rosario y dej\u00f3 un regalo para las universidades p\u00fablicas de Norte de Santander. Entreg\u00f3 $ 18.000 millones provenientes del CREE para repartirlos entre cuatro instituciones.<\/p>\n<p>1.- Universidad de Pamplona: $ 6258 millones<\/p>\n<p>2.- Universidad Francisco de Paula Santander (C\u00facuta): $ 6407 millones<\/p>\n<p>3.- Universidad Francisco de Paula Santander (Oca\u00f1a): $ 4172 millones<\/p>\n<p>4.- Instituto Superior de Educaci\u00f3n Rural (Iser): $ 1192 millones.<\/p>\n<p>Y anunci\u00f3 que en el 2014, los recursos se multiplicar\u00e1n por dos ($ 36.000 millones). Las partidas entregadas ser\u00e1n invertidas en infraestructura, investigaci\u00f3n, ampliaci\u00f3n de cobertura y otras necesidades de las universidades.<\/p>\n<p>El prop\u00f3sito del Gobierno es fortalecer a las universidades oficiales para que los j\u00f3venes pobres tengan acceso a la educaci\u00f3n superior. En tres a\u00f1os, en el pa\u00eds, se han creado 283.000 cupos y los estudiantes de escasos recursos econ\u00f3micos han sido los favorecidos.<\/p>\n<p>La ministra Campo reconoci\u00f3 el trabajo de los congresistas nortesantandereanos y dijo que \u201cse la jugaron para traer los recursos\u201d al departamento. \u201cHicieron causa com\u00fan para lograr que llegaran los recursos\u201d.<\/p>\n<p>Seg\u00fan las cuentas del Ministerio de Educaci\u00f3n, las universidades p\u00fablicas de Norte de Santander han recibido las siguientes partidas, en lo que va del 2013:<\/p>\n<p>1.- Universidad de Pamplona: $ 42.000 millones<\/p>\n<p>2.- Universidad Francisco de paula Santander (C\u00facuta): $ 38.000 millones<\/p>\n<p>3.- Universidad Francisco de Paula Santander (Oca\u00f1a): $ 20.000 millones<\/p>\n<p>4.- Instituto Superior de Educaci\u00f3n Rural (Iser): $ 3464 millones.<\/p>\n<p>Mar\u00eda Fernanda Campo reconoci\u00f3 que \u201cnunca ser\u00e1n suficientes los recursos\u201d para atender las carencias de las instituciones oficiales. A los parlamentarios les dej\u00f3 un mensaje: \u201cTrabajemos en el pr\u00f3ximo Congreso para que el CREE sea permanente y no transitorio por tres a\u00f1os\u201d.<\/p>\n<p>Los impuestos sobre la n\u00f3mina son un obst\u00e1culo para la creaci\u00f3n de empleo formal en Colombia. El Congreso de la Rep\u00fablica aprob\u00f3, en la reforma tributaria, una reducci\u00f3n en dichos impuestos con la eliminaci\u00f3n de los aportes parafiscales al Sena e ICBF pagados por empresas y personas naturales empleadoras por empleados que ganen menos de 10 salarios m\u00ednimos, y cre\u00f3 el <a href=\"http:\/\/www.dian.gov.co\/descargas\/micrositio\/cree\/Cartilla_CREE.pdf\">impuesto sobre la renta para la equidad<\/a> CREE.<\/p>\n<p><b>RAFAEL ANTONIO PAB\u00d3N<\/b><\/p>\n<p><a href=\"mailto:rafaelpabon58@hotmail.com\">rafaelpabon58@hotmail.com<\/a><\/p>\n<p><b>Foto: MARCO S\u00daA<\/b><\/p>\n<p>&nbsp; <\/p>\n","protected":false},"excerpt":{"rendered":"<p>VILLA DEL ROSARIO \u2013 Norte de Santander.- La ministra de Educaci\u00f3n, Mar\u00eda Fernanda Campo, visit\u00f3 el campus de Villa del Rosario y dej\u00f3 un regalo para las universidades p\u00fablicas de Norte de Santander. Entreg\u00f3 $ 18.000 millones provenientes del CREE para repartirlos entre cuatro instituciones. 1.- Universidad de Pamplona: $ 6258 millones 2.- Universidad Francisco &hellip;<\/p>\n","protected":false},"author":1,"featured_media":20066,"comment_status":"open","ping_status":"open","sticky":false,"template":"","format":"standard","meta":{"footnotes":""},"categories":[74,4],"tags":[998,999],"class_list":["post-20065","post","type-post","status-publish","format-standard","has-post-thumbnail","hentry","category-aula-universitaria","category-barra","tag-cree","tag-ministra-de-educacion"],"_links":{"self":[{"href":"https:\/\/contraluzcucuta.co\/index.php?rest_route=\/wp\/v2\/posts\/20065","targetHints":{"allow":["GET"]}}],"collection":[{"href":"https:\/\/contraluzcucuta.co\/index.php?rest_route=\/wp\/v2\/posts"}],"about":[{"href":"https:\/\/contraluzcucuta.co\/index.php?rest_route=\/wp\/v2\/types\/post"}],"author":[{"embeddable":true,"href":"https:\/\/contraluzcucuta.co\/index.php?rest_route=\/wp\/v2\/users\/1"}],"replies":[{"embeddable":true,"href":"https:\/\/contraluzcucuta.co\/index.php?rest_route=%2Fwp%2Fv2%2Fcomments&post=20065"}],"version-history":[{"count":1,"href":"https:\/\/contraluzcucuta.co\/index.php?rest_route=\/wp\/v2\/posts\/20065\/revisions"}],"predecessor-version":[{"id":20067,"href":"https:\/\/contraluzcucuta.co\/index.php?rest_route=\/wp\/v2\/posts\/20065\/revisions\/20067"}],"wp:featuredmedia":[{"embeddable":true,"href":"https:\/\/contraluzcucuta.co\/index.php?rest_route=\/wp\/v2\/media\/20066"}],"wp:attachment":[{"href":"https:\/\/contraluzcucuta.co\/index.php?rest_route=%2Fwp%2Fv2%2Fmedia&parent=20065"}],"wp:term":[{"taxonomy":"category","embeddable":true,"href":"https:\/\/contraluzcucuta.co\/index.php?rest_route=%2Fwp%2Fv2%2Fcategories&post=20065"},{"taxonomy":"post_tag","embeddable":true,"href":"https:\/\/contraluzcucuta.co\/index.php?rest_route=%2Fwp%2Fv2%2Ftags&post=20065"}],"curies":[{"name":"wp","href":"https:\/\/api.w.org\/{rel}","templated":true}]}}