{"id":20062,"date":"2013-11-09T23:37:11","date_gmt":"2013-11-10T04:37:11","guid":{"rendered":"http:\/\/contraluzcucuta.co\/?p=20062"},"modified":"2013-11-09T23:37:11","modified_gmt":"2013-11-10T04:37:11","slug":"norte-de-santander-tiene-vocacion-universitaria-mauricio-cardenas","status":"publish","type":"post","link":"https:\/\/contraluzcucuta.co\/?p=20062","title":{"rendered":"\u201cNorte de Santander tiene vocaci\u00f3n universitaria\u201d, Mauricio C\u00e1rdenas"},"content":{"rendered":"<p><b>VILLA DEL ROSARIO \u2013 Norte de Santander.-<\/b> Norte de Santander les gan\u00f3 a muchos departamentos en el reparto de los recursos provenientes del <a href=\"http:\/\/www.dian.gov.co\/descargas\/micrositio\/cree\/Cartilla_CREE.pdf\">impuesto sobre la renta para la equidad<\/a> (CREE), al recibir $ 18.000 millones para las universidades de Pamplona y Francisco de Paula Santander, sedes C\u00facuta y Oca\u00f1a, y el Instituto Superior de Educaci\u00f3n Rural (Iser).<\/p>\n<p>Ahora, debe darse la discusi\u00f3n entre rectores, estudiantes, docentes y administrativos sobre c\u00f3mo deben invertirse los dineros entregados, este 8 de noviembre en el campus de Villa del Rosario, por el ministro de hacienda Mauricio C\u00e1rdenas.<\/p>\n<p>La recomendaci\u00f3n del alto Gobierno es que debe pensarse estrat\u00e9gicamente y distribuir los recursos en mejoramiento de la planta f\u00edsica, dotaci\u00f3n de laboratorios, tecnolog\u00eda, sistemas y otras necesidades que tenga cada instituci\u00f3n.<\/p>\n<p>La Universidad de Pamplona recibi\u00f3 $ 6258 millones; la UFPS, C\u00facuta, $ 6407 millones; la UFPS, Oca\u00f1a, $ 4172 millones, y el Iser, $ 1192 millones. La promesa del Gobierno es que en el 2014 la suma se duplicar\u00e1. El CREE tiene vigencia por tres a\u00f1os.<\/p>\n<p>\u201cNorte de Santander tiene vocaci\u00f3n universitaria\u201d, dijo el ministro C\u00e1rdenas y pidi\u00f3 a los rectores de las instituciones favorecidas que cuenten qu\u00e9 van a hacer con el paquete completo que recibir\u00e1n en estos 36 meses.<\/p>\n<p>La reforma tributaria propuso un cambio en el modelo de cobrar impuestos y remplaz\u00f3 los que se le cobraban a la n\u00f3mina de las empresas por la renta para la equidad (CREE). El resultado es el incremento en el empleo formal y el decrecimiento en el informal.<\/p>\n<p>El Congreso de la Rep\u00fablica aprob\u00f3, en la reforma tributaria, una reducci\u00f3n en dichos impuestos con la eliminaci\u00f3n de los aportes parafiscales al Sena e ICBF pagados por empresas y personas naturales empleadoras por empleados que ganen menos de 10 salarios m\u00ednimos.<\/p>\n<p>\u201cSomos un gobierno pr\u00e1ctico. Tenemos una soluci\u00f3n para cada problema\u201d, dijo el ministro C\u00e1rdenas. \u201cNo es momento de timonazos ni a la derecha ni a la izquierda\u201d. Y resalt\u00f3 que los parlamentarios de Norte de Santander han tra\u00eddo recursos en infraestructura, v\u00edas y vivienda. \u201cEstamos preocupados por la situaci\u00f3n de Norte de Santander\u201d.<\/p>\n<p><b>RAFAEL ANTONIO PAB\u00d3N<\/b><\/p>\n<p><a href=\"mailto:rafaelpabon58@hotmail.com\">rafaelpabon58@hotmail.com<\/a><\/p>\n<p><b>Foto: MARCO S\u00daA<\/b><\/p>\n<p>&nbsp; <\/p>\n","protected":false},"excerpt":{"rendered":"<p>VILLA DEL ROSARIO \u2013 Norte de Santander.- Norte de Santander les gan\u00f3 a muchos departamentos en el reparto de los recursos provenientes del impuesto sobre la renta para la equidad (CREE), al recibir $ 18.000 millones para las universidades de Pamplona y Francisco de Paula Santander, sedes C\u00facuta y Oca\u00f1a, y el Instituto Superior de &hellip;<\/p>\n","protected":false},"author":1,"featured_media":20063,"comment_status":"open","ping_status":"open","sticky":false,"template":"","format":"standard","meta":{"footnotes":""},"categories":[74,4],"tags":[996,997,719],"class_list":["post-20062","post","type-post","status-publish","format-standard","has-post-thumbnail","hentry","category-aula-universitaria","category-barra","tag-mauricio-cardenas","tag-ministro-de-hacienda","tag-unipamplona"],"_links":{"self":[{"href":"https:\/\/contraluzcucuta.co\/index.php?rest_route=\/wp\/v2\/posts\/20062","targetHints":{"allow":["GET"]}}],"collection":[{"href":"https:\/\/contraluzcucuta.co\/index.php?rest_route=\/wp\/v2\/posts"}],"about":[{"href":"https:\/\/contraluzcucuta.co\/index.php?rest_route=\/wp\/v2\/types\/post"}],"author":[{"embeddable":true,"href":"https:\/\/contraluzcucuta.co\/index.php?rest_route=\/wp\/v2\/users\/1"}],"replies":[{"embeddable":true,"href":"https:\/\/contraluzcucuta.co\/index.php?rest_route=%2Fwp%2Fv2%2Fcomments&post=20062"}],"version-history":[{"count":1,"href":"https:\/\/contraluzcucuta.co\/index.php?rest_route=\/wp\/v2\/posts\/20062\/revisions"}],"predecessor-version":[{"id":20064,"href":"https:\/\/contraluzcucuta.co\/index.php?rest_route=\/wp\/v2\/posts\/20062\/revisions\/20064"}],"wp:featuredmedia":[{"embeddable":true,"href":"https:\/\/contraluzcucuta.co\/index.php?rest_route=\/wp\/v2\/media\/20063"}],"wp:attachment":[{"href":"https:\/\/contraluzcucuta.co\/index.php?rest_route=%2Fwp%2Fv2%2Fmedia&parent=20062"}],"wp:term":[{"taxonomy":"category","embeddable":true,"href":"https:\/\/contraluzcucuta.co\/index.php?rest_route=%2Fwp%2Fv2%2Fcategories&post=20062"},{"taxonomy":"post_tag","embeddable":true,"href":"https:\/\/contraluzcucuta.co\/index.php?rest_route=%2Fwp%2Fv2%2Ftags&post=20062"}],"curies":[{"name":"wp","href":"https:\/\/api.w.org\/{rel}","templated":true}]}}