{"id":20059,"date":"2013-11-07T22:21:25","date_gmt":"2013-11-08T03:21:25","guid":{"rendered":"http:\/\/contraluzcucuta.co\/?p=20059"},"modified":"2013-11-07T22:21:25","modified_gmt":"2013-11-08T03:21:25","slug":"promocion-del-espiritu-empresarial-en-unipamplona","status":"publish","type":"post","link":"https:\/\/contraluzcucuta.co\/?p=20059","title":{"rendered":"Promoci\u00f3n del esp\u00edritu empresarial, en Unipamplona"},"content":{"rendered":"<p><b>VILLA DEL ROSARIO \u2013 Norte de Santander.-<\/b> La Universidad de Pamplona, campus Villa del Rosario abri\u00f3 las puertas a la S\u00e9ptima Feria de la Integraci\u00f3n, Creatividad e Innovaci\u00f3n 2013, de la facultad de Ciencias Econ\u00f3micas y Empresariales.<\/p>\n<p>Tras escuchar las palabras del director Bernardo Nicol\u00e1s S\u00e1nchez Garc\u00eda, quien agradeci\u00f3 y excus\u00f3 a las autoridades universitarias por no haber asistido a la apertura, se inici\u00f3 la jornada, que dur\u00f3 de 3:00 a 6:00 de la tarde.<\/p>\n<p>Los profesores Mary Luz Ord\u00f3\u00f1ez y Manuel Parada, y la alumna Adriana Rodr\u00edguez fueron los organizadores de la Feria, que se dividi\u00f3 en tres categor\u00edas:<\/p>\n<p>1.- Semillero. Tiene el objetivo de dar a conocer las ideas de negocios viables a corto, mediano y largo plazos de los estudiantes, que pueden llegar a convertirse en empresa.<\/p>\n<p>2.- Empresa. Son egresados y estudiantes que han establecido empresas y buscan contactos para expandirse.<\/p>\n<p>3.- Alianza Universidad- Empresa. Son aquellas empresas que tienen relaci\u00f3n con el desarrollo acad\u00e9mico de los programas de la facultad.<\/p>\n<p>En los puestos de exhibici\u00f3n se vivieron momentos de angustia entre los estudiantes que deb\u00edan ser calificados, mientras los egresados sonre\u00edan porque daban un paso m\u00e1s para fortalecer el crecimiento de la empresa.<\/p>\n<p>Era f\u00e1cil pasar de un local de venta de pastelitos a $ 200 a uno de tecnolog\u00eda o salud.<\/p>\n<p>Quiz\u00e1s los organizadores esperaban algo diferente, pero la fuerte lluvia impidi\u00f3 que durante la muestra se llevara a cabo la animaci\u00f3n preparada, entre la que estaba el grupo de danzas de la Alcald\u00eda de Villa del Rosario, que cancel\u00f3 la presentaci\u00f3n.<\/p>\n<p>El aguacero no fue impedimento para exponer las ideas y las propuestas en los exhibidores, que se refugiaron en los pasillos de la universidad para ofrecer y exponer los productos.<\/p>\n<p><b>ANDREA PAOLA NOVOA<\/b><\/p>\n<p><b>Estudiante de Comunicaci\u00f3n Social<\/b><\/p>\n<p><b>Universidad de Pamplona<\/b><\/p>\n<p><b>Campus Villa del Rosario<\/b><\/p>\n<p>Fotos: MARCO S\u00daA <\/p>\n","protected":false},"excerpt":{"rendered":"<p>VILLA DEL ROSARIO \u2013 Norte de Santander.- La Universidad de Pamplona, campus Villa del Rosario abri\u00f3 las puertas a la S\u00e9ptima Feria de la Integraci\u00f3n, Creatividad e Innovaci\u00f3n 2013, de la facultad de Ciencias Econ\u00f3micas y Empresariales. Tras escuchar las palabras del director Bernardo Nicol\u00e1s S\u00e1nchez Garc\u00eda, quien agradeci\u00f3 y excus\u00f3 a las autoridades universitarias &hellip;<\/p>\n","protected":false},"author":1,"featured_media":20060,"comment_status":"open","ping_status":"open","sticky":false,"template":"","format":"standard","meta":{"footnotes":""},"categories":[74,45],"tags":[161],"class_list":["post-20059","post","type-post","status-publish","format-standard","has-post-thumbnail","hentry","category-aula-universitaria","category-destacado","tag-universidad-de-pamplona"],"_links":{"self":[{"href":"https:\/\/contraluzcucuta.co\/index.php?rest_route=\/wp\/v2\/posts\/20059","targetHints":{"allow":["GET"]}}],"collection":[{"href":"https:\/\/contraluzcucuta.co\/index.php?rest_route=\/wp\/v2\/posts"}],"about":[{"href":"https:\/\/contraluzcucuta.co\/index.php?rest_route=\/wp\/v2\/types\/post"}],"author":[{"embeddable":true,"href":"https:\/\/contraluzcucuta.co\/index.php?rest_route=\/wp\/v2\/users\/1"}],"replies":[{"embeddable":true,"href":"https:\/\/contraluzcucuta.co\/index.php?rest_route=%2Fwp%2Fv2%2Fcomments&post=20059"}],"version-history":[{"count":1,"href":"https:\/\/contraluzcucuta.co\/index.php?rest_route=\/wp\/v2\/posts\/20059\/revisions"}],"predecessor-version":[{"id":20061,"href":"https:\/\/contraluzcucuta.co\/index.php?rest_route=\/wp\/v2\/posts\/20059\/revisions\/20061"}],"wp:featuredmedia":[{"embeddable":true,"href":"https:\/\/contraluzcucuta.co\/index.php?rest_route=\/wp\/v2\/media\/20060"}],"wp:attachment":[{"href":"https:\/\/contraluzcucuta.co\/index.php?rest_route=%2Fwp%2Fv2%2Fmedia&parent=20059"}],"wp:term":[{"taxonomy":"category","embeddable":true,"href":"https:\/\/contraluzcucuta.co\/index.php?rest_route=%2Fwp%2Fv2%2Fcategories&post=20059"},{"taxonomy":"post_tag","embeddable":true,"href":"https:\/\/contraluzcucuta.co\/index.php?rest_route=%2Fwp%2Fv2%2Ftags&post=20059"}],"curies":[{"name":"wp","href":"https:\/\/api.w.org\/{rel}","templated":true}]}}