{"id":20017,"date":"2013-11-04T07:45:53","date_gmt":"2013-11-04T12:45:53","guid":{"rendered":"http:\/\/contraluzcucuta.co\/?p=20017"},"modified":"2013-11-04T07:45:53","modified_gmt":"2013-11-04T12:45:53","slug":"2800-millones-para-proyectos-de-mitigacion-de-riesgo","status":"publish","type":"post","link":"https:\/\/contraluzcucuta.co\/?p=20017","title":{"rendered":"$ 2800 millones para  proyectos de mitigaci\u00f3n de riesgo"},"content":{"rendered":"<p><b>C\u00daCUTA.-<\/b> En C\u00facuta el fondo de mitigaci\u00f3n contar\u00e1 con recursos base para cofinanciar proyectos de mitigaci\u00f3n, conocimiento del riesgo y reducci\u00f3n de desastres. La partida disponible ser\u00e1 de $ 2800 millones y saldr\u00e1 del impuesto predial.<\/p>\n<p>En el presupuesto del 2014, se contar\u00e1 con la l\u00ednea base para cofinanciar proyectos por medio de la Unidad Nacional para la Gesti\u00f3n del Riesgo de Desastres (UNGRD) y el Fondo de Adaptaci\u00f3n.<\/p>\n<p>Rubby Johana G\u00e9lvez, secretaria de Seguridad Ciudadana, dijo que en el plan municipal de gesti\u00f3n del riesgo se han identificado las zonas de mayor afectaci\u00f3n por el Fen\u00f3meno de la Ni\u00f1a (2010-2011) y las lluvias de los \u00faltimos estos meses.<\/p>\n<p>Los proyectos se enfocar\u00e1n en \u00e1reas afectadas por las temporadas invernales en el municipio. Est\u00e1n detectados los barrios Tucunar\u00e9, San Rafael, Sabana Verde, Virgilio Barco, La Victoria, Do\u00f1a Nidia y Antonia Santos, entre otros.<\/p>\n<p>El alcalde Donamaris Ram\u00edrez anunci\u00f3 que para efectuar la inspecci\u00f3n del avance de las obras que se desarrollan, en los pr\u00f3ximos d\u00edas visitar\u00e1 la ciudad Carlos Iv\u00e1n M\u00e1rquez, director nacional de la UNGRD.<\/p>\n<p>Un grupo interdisciplinario de profesionales estar\u00e1 atento a cualquier situaci\u00f3n de emergencia que se presente en C\u00facuta. El prop\u00f3sito es evitar que la temporada invernal del 2013 genere estragos en la capital nortesantandereana.<\/p>\n<p>&nbsp; <\/p>\n","protected":false},"excerpt":{"rendered":"<p>C\u00daCUTA.- En C\u00facuta el fondo de mitigaci\u00f3n contar\u00e1 con recursos base para cofinanciar proyectos de mitigaci\u00f3n, conocimiento del riesgo y reducci\u00f3n de desastres. La partida disponible ser\u00e1 de $ 2800 millones y saldr\u00e1 del impuesto predial. En el presupuesto del 2014, se contar\u00e1 con la l\u00ednea base para cofinanciar proyectos por medio de la Unidad &hellip;<\/p>\n","protected":false},"author":1,"featured_media":20018,"comment_status":"open","ping_status":"open","sticky":false,"template":"","format":"standard","meta":{"footnotes":""},"categories":[541,4],"tags":[987],"class_list":["post-20017","post","type-post","status-publish","format-standard","has-post-thumbnail","hentry","category-ciudad","category-barra","tag-victimas-del-invierno"],"_links":{"self":[{"href":"https:\/\/contraluzcucuta.co\/index.php?rest_route=\/wp\/v2\/posts\/20017","targetHints":{"allow":["GET"]}}],"collection":[{"href":"https:\/\/contraluzcucuta.co\/index.php?rest_route=\/wp\/v2\/posts"}],"about":[{"href":"https:\/\/contraluzcucuta.co\/index.php?rest_route=\/wp\/v2\/types\/post"}],"author":[{"embeddable":true,"href":"https:\/\/contraluzcucuta.co\/index.php?rest_route=\/wp\/v2\/users\/1"}],"replies":[{"embeddable":true,"href":"https:\/\/contraluzcucuta.co\/index.php?rest_route=%2Fwp%2Fv2%2Fcomments&post=20017"}],"version-history":[{"count":1,"href":"https:\/\/contraluzcucuta.co\/index.php?rest_route=\/wp\/v2\/posts\/20017\/revisions"}],"predecessor-version":[{"id":20019,"href":"https:\/\/contraluzcucuta.co\/index.php?rest_route=\/wp\/v2\/posts\/20017\/revisions\/20019"}],"wp:featuredmedia":[{"embeddable":true,"href":"https:\/\/contraluzcucuta.co\/index.php?rest_route=\/wp\/v2\/media\/20018"}],"wp:attachment":[{"href":"https:\/\/contraluzcucuta.co\/index.php?rest_route=%2Fwp%2Fv2%2Fmedia&parent=20017"}],"wp:term":[{"taxonomy":"category","embeddable":true,"href":"https:\/\/contraluzcucuta.co\/index.php?rest_route=%2Fwp%2Fv2%2Fcategories&post=20017"},{"taxonomy":"post_tag","embeddable":true,"href":"https:\/\/contraluzcucuta.co\/index.php?rest_route=%2Fwp%2Fv2%2Ftags&post=20017"}],"curies":[{"name":"wp","href":"https:\/\/api.w.org\/{rel}","templated":true}]}}