{"id":20014,"date":"2013-11-04T07:39:01","date_gmt":"2013-11-04T12:39:01","guid":{"rendered":"http:\/\/contraluzcucuta.co\/?p=20014"},"modified":"2013-11-04T07:39:01","modified_gmt":"2013-11-04T12:39:01","slug":"vuelven-los-dialogos-sobre-el-catatumbo","status":"publish","type":"post","link":"https:\/\/contraluzcucuta.co\/?p=20014","title":{"rendered":"Vuelven los di\u00e1logos sobre El Catatumbo"},"content":{"rendered":"<p><b>C\u00daCUTA.-<\/b> La Zona de Reserva Campesina, la sustituci\u00f3n de cultivos il\u00edcitos y los acuerdos de confianza en materia de infraestructura vial y desarrollo agrario ocupan la agenda de los di\u00e1logos entre el Gobierno y los l\u00edderes campesinos en la Mesa de Interlocuci\u00f3n y Acuerdo (MIA) que se reanudar\u00e1 la pr\u00f3xima semana.<\/p>\n<p>Las conversaciones se reiniciar\u00e1n por seis semanas. El 15 de diciembre, se tendr\u00e1 una carta de navegaci\u00f3n en la que se establezcan los puntos aprobados y comience la verdadera trasformaci\u00f3n de El Catatumbo.<\/p>\n<p>Las reuniones se desarrollar\u00e1n los martes en Bogot\u00e1 (mesa t\u00e9cnica) y los mi\u00e9rcoles en C\u00facuta (mesa t\u00e9cnica). \u201cLo importante es que se cumpla con los proyectos que surjan a corto, mediano y largo plazos, para que no se repita la historia que vivi\u00f3 esta zona del departamento durante el paro\u201d, dijo el gobernador Edgar D\u00edaz.<\/p>\n<p>Luego de la suspensi\u00f3n de los di\u00e1logos debe buscarse la posibilidad que los 12 puntos se aborden de manera \u00e1gil y r\u00e1pida, sin confundir los temas pol\u00edticos con los t\u00e9cnicos, para concretar lo que se ha definido entre Gobierno y l\u00edderes de El Catatumbo.<\/p>\n<p>La decisi\u00f3n se tom\u00f3 despu\u00e9s de la reuni\u00f3n en la que participaron el vicepresidente Angelino Garz\u00f3n, el expresidente Ernesto Samper, delegados de la comunidad internacional y \u00a0voceros de los campesinos.<\/p>\n<p>La cita se cumpli\u00f3 en Bogot\u00e1 a ra\u00edz de la propuesta del padre Francisco de Roux de retomar las conversaciones que permanec\u00edan en pausa t\u00e9cnica. Las pr\u00b4ximas actividades ser\u00e1n:<\/p>\n<p>1.- El 3 de noviembre, representantes de la Gobernaci\u00f3n, l\u00edderes campesinos y el viceministro de infraestructura\u00a0 Carlos\u00a0 Garc\u00eda se trasladar\u00e1n a El Catatumbo para recorrer y analizar la posibilidad de la construcci\u00f3n del anillo vial, luego de que la administraci\u00f3n departamental se comprometiera a adelantar los estudios y los dise\u00f1os.<\/p>\n<p>2.- El \u00a05 de noviembre, la mesa t\u00e9cnica trabajar\u00e1 sobre salud y desarrollo agrario.<\/p>\n<p>3.- El 8, se instalar\u00e1 la Mesa Nacional de Garant\u00edas de Derechos Humanos, organizada por la Vicepresidencia de la Rep\u00fablica, con la presencia del ministro del interior Aurelio Irragori, viceministros, voceros de Ascamcat y representantes de la comunidad internacional. Lugar, Gobernaci\u00f3n de Norte de Santander.<\/p>\n<p>4.- El 12, la discusi\u00f3n se enfocar\u00e1 en\u00a0 saneamiento b\u00e1sico y v\u00edas. <\/p>\n","protected":false},"excerpt":{"rendered":"<p>C\u00daCUTA.- La Zona de Reserva Campesina, la sustituci\u00f3n de cultivos il\u00edcitos y los acuerdos de confianza en materia de infraestructura vial y desarrollo agrario ocupan la agenda de los di\u00e1logos entre el Gobierno y los l\u00edderes campesinos en la Mesa de Interlocuci\u00f3n y Acuerdo (MIA) que se reanudar\u00e1 la pr\u00f3xima semana. Las conversaciones se reiniciar\u00e1n &hellip;<\/p>\n","protected":false},"author":1,"featured_media":20015,"comment_status":"open","ping_status":"open","sticky":false,"template":"","format":"standard","meta":{"footnotes":""},"categories":[556,4],"tags":[878],"class_list":["post-20014","post","type-post","status-publish","format-standard","has-post-thumbnail","hentry","category-departamento","category-barra","tag-crisis-de-el-catatumbo"],"_links":{"self":[{"href":"https:\/\/contraluzcucuta.co\/index.php?rest_route=\/wp\/v2\/posts\/20014","targetHints":{"allow":["GET"]}}],"collection":[{"href":"https:\/\/contraluzcucuta.co\/index.php?rest_route=\/wp\/v2\/posts"}],"about":[{"href":"https:\/\/contraluzcucuta.co\/index.php?rest_route=\/wp\/v2\/types\/post"}],"author":[{"embeddable":true,"href":"https:\/\/contraluzcucuta.co\/index.php?rest_route=\/wp\/v2\/users\/1"}],"replies":[{"embeddable":true,"href":"https:\/\/contraluzcucuta.co\/index.php?rest_route=%2Fwp%2Fv2%2Fcomments&post=20014"}],"version-history":[{"count":1,"href":"https:\/\/contraluzcucuta.co\/index.php?rest_route=\/wp\/v2\/posts\/20014\/revisions"}],"predecessor-version":[{"id":20016,"href":"https:\/\/contraluzcucuta.co\/index.php?rest_route=\/wp\/v2\/posts\/20014\/revisions\/20016"}],"wp:featuredmedia":[{"embeddable":true,"href":"https:\/\/contraluzcucuta.co\/index.php?rest_route=\/wp\/v2\/media\/20015"}],"wp:attachment":[{"href":"https:\/\/contraluzcucuta.co\/index.php?rest_route=%2Fwp%2Fv2%2Fmedia&parent=20014"}],"wp:term":[{"taxonomy":"category","embeddable":true,"href":"https:\/\/contraluzcucuta.co\/index.php?rest_route=%2Fwp%2Fv2%2Fcategories&post=20014"},{"taxonomy":"post_tag","embeddable":true,"href":"https:\/\/contraluzcucuta.co\/index.php?rest_route=%2Fwp%2Fv2%2Ftags&post=20014"}],"curies":[{"name":"wp","href":"https:\/\/api.w.org\/{rel}","templated":true}]}}