{"id":19917,"date":"2013-10-24T21:44:32","date_gmt":"2013-10-25T02:44:32","guid":{"rendered":"http:\/\/contraluzcucuta.co\/?p=19917"},"modified":"2013-10-24T21:44:32","modified_gmt":"2013-10-25T02:44:32","slug":"100-suenos-de-pamploneses-se-volveran-realidad-por-un-dia","status":"publish","type":"post","link":"https:\/\/contraluzcucuta.co\/?p=19917","title":{"rendered":"100 sue\u00f1os de pamploneses se volver\u00e1n realidad por un d\u00eda"},"content":{"rendered":"<p><b>PAMPLONA \u2013 Norte de Santander.-<\/b> Los pamploneses volver\u00e1n a apropiarse de la Ciudad Mitrada y crear\u00e1n un lugar para vivir mejor, mediante 100 intervenciones en un d\u00eda de acci\u00f3n civil. El grupo ciudadano tiene el constante acompa\u00f1amiento de Karina Su\u00e1rez y Henry Granados, estudiantes de dise\u00f1o industrial, quienes le han puesto el alma al proyecto para que funcione de la mejor manera.<\/p>\n<p>La segunda versi\u00f3n de \u2018100 en un d\u00eda\u2019 tendr\u00e1 colaboraci\u00f3n de la Universidad de Pamplona y de la Alcald\u00eda. El rector Elio Serrano y el alcalde Carlos Bustos se reunieron con voceros de las juntas de acci\u00f3n comunal, C\u00e1mara de Comercio, colegios e instituciones de educaci\u00f3n superior para hablar sobre la actividad, que se cumplir\u00e1 el primero de noviembre.<\/p>\n<p>El objetivo es que ese d\u00eda los pamploneses hagan algo en la ciudad. El n\u00famero se estableci\u00f3 para cumplir una meta. El programa se ha cumplido en\u00a0 Bogot\u00e1, Pasto y Cali.<\/p>\n<p>J\u00f3venes, ni\u00f1os y adultos, propios y visitantes, efectuar\u00e1n 100 acciones en la ciudad, para la b\u00fasqueda de un vivir mejor y lograr que la comunidad participe y que se muestre que con acciones peque\u00f1as pueden liderarse trasformaciones.<\/p>\n<p>Las acciones se desarrollar\u00e1n en barrios, el centro, parques, colegios, empresas, locales comerciales, entre otros, para que las personas recorran Pamplona y se observe qu\u00e9 se est\u00e1 haciendo.<\/p>\n<p>\u2018100 en un d\u00eda\u2019 es un proyecto de ciudadan\u00eda activa que propuso una ONG Internacional en Dinamarca, y lleg\u00f3 en el 2011 a Colombia. El primer intento se desarroll\u00f3 en Bogot\u00e1. En mayo de 2012, se propuso la actividad que cubri\u00f3 la superficie de la ciudad con interacciones urbanas, series de gestos y acciones.<\/p>\n<p>El principal fundamento es trabajar en pro de la ciudadan\u00eda activa, involucra a los habitantes de las ciudades en la construcci\u00f3n para que act\u00faen desde los imaginarios, las inconformidades y los sue\u00f1os.<\/p>\n<p>Es una red en la que los participantes crean conexiones para la resignificaci\u00f3n de la ciudad. El trabajo en comunidad es el primer paso para la construcci\u00f3n colectiva, \u00a0mediante una postura cr\u00edtica desde la convivencia, con respecto a las visiones de la cotidianidad del espacio urbano, o desde lo que siempre han so\u00f1ado de la ciudad, pero han esperado que otros hagan por ellos.<\/p>\n<p>&nbsp; <\/p>\n","protected":false},"excerpt":{"rendered":"<p>PAMPLONA \u2013 Norte de Santander.- Los pamploneses volver\u00e1n a apropiarse de la Ciudad Mitrada y crear\u00e1n un lugar para vivir mejor, mediante 100 intervenciones en un d\u00eda de acci\u00f3n civil. El grupo ciudadano tiene el constante acompa\u00f1amiento de Karina Su\u00e1rez y Henry Granados, estudiantes de dise\u00f1o industrial, quienes le han puesto el alma al proyecto &hellip;<\/p>\n","protected":false},"author":1,"featured_media":19918,"comment_status":"open","ping_status":"open","sticky":false,"template":"","format":"standard","meta":{"footnotes":""},"categories":[556,4],"tags":[965,506],"class_list":["post-19917","post","type-post","status-publish","format-standard","has-post-thumbnail","hentry","category-departamento","category-barra","tag-100-en-un-dia","tag-cien-en-un-dia-en-pamplona"],"_links":{"self":[{"href":"https:\/\/contraluzcucuta.co\/index.php?rest_route=\/wp\/v2\/posts\/19917","targetHints":{"allow":["GET"]}}],"collection":[{"href":"https:\/\/contraluzcucuta.co\/index.php?rest_route=\/wp\/v2\/posts"}],"about":[{"href":"https:\/\/contraluzcucuta.co\/index.php?rest_route=\/wp\/v2\/types\/post"}],"author":[{"embeddable":true,"href":"https:\/\/contraluzcucuta.co\/index.php?rest_route=\/wp\/v2\/users\/1"}],"replies":[{"embeddable":true,"href":"https:\/\/contraluzcucuta.co\/index.php?rest_route=%2Fwp%2Fv2%2Fcomments&post=19917"}],"version-history":[{"count":1,"href":"https:\/\/contraluzcucuta.co\/index.php?rest_route=\/wp\/v2\/posts\/19917\/revisions"}],"predecessor-version":[{"id":19919,"href":"https:\/\/contraluzcucuta.co\/index.php?rest_route=\/wp\/v2\/posts\/19917\/revisions\/19919"}],"wp:featuredmedia":[{"embeddable":true,"href":"https:\/\/contraluzcucuta.co\/index.php?rest_route=\/wp\/v2\/media\/19918"}],"wp:attachment":[{"href":"https:\/\/contraluzcucuta.co\/index.php?rest_route=%2Fwp%2Fv2%2Fmedia&parent=19917"}],"wp:term":[{"taxonomy":"category","embeddable":true,"href":"https:\/\/contraluzcucuta.co\/index.php?rest_route=%2Fwp%2Fv2%2Fcategories&post=19917"},{"taxonomy":"post_tag","embeddable":true,"href":"https:\/\/contraluzcucuta.co\/index.php?rest_route=%2Fwp%2Fv2%2Ftags&post=19917"}],"curies":[{"name":"wp","href":"https:\/\/api.w.org\/{rel}","templated":true}]}}