{"id":19885,"date":"2013-10-22T21:36:06","date_gmt":"2013-10-23T02:36:06","guid":{"rendered":"http:\/\/contraluzcucuta.co\/?p=19885"},"modified":"2013-10-22T21:37:22","modified_gmt":"2013-10-23T02:37:22","slug":"norte-de-santander-requiere-de-un-cuidado-especial-guillermo-botero","status":"publish","type":"post","link":"https:\/\/contraluzcucuta.co\/?p=19885","title":{"rendered":"Norte de Santander requiere de un cuidado especial: Guillermo Botero"},"content":{"rendered":"<p><b>C\u00daCUTA.-<\/b> \u201cMe preocupar\u00e9 por ser un vocero representativo de los intereses de Norte de Santander\u201d, dijo anoche el presidente nacional de Fenalco, Guillermo Botero Nieto al terminar la intervenci\u00f3n en el acto conmemorativo de los 66 a\u00f1os de la seccional de la Federaci\u00f3n Nacional de Comerciantes.<\/p>\n<p>En la intervenci\u00f3n el dirigente gremial hizo un repaso a las estad\u00edsticas de C\u00facuta en el a\u00f1o y concluy\u00f3 que \u201cel comercio no va bien\u201d, porque el crecimiento en el 2013 ha sido malo. El peor de los renglones en rendimiento econ\u00f3mico es el de libros, revistas y papel, por la penetraci\u00f3n de la internet.<\/p>\n<p>En el balance poco alentador para los afiliados a la Federaci\u00f3n, Botero se\u00f1al\u00f3 que solo a los computadores les ha ido bien, seguidos por el calzado. El crecimiento en los alimentos es satisfactorio, pero el desempe\u00f1o de los veh\u00edculos no es el mejor por la invasi\u00f3n de las motocicletas.<\/p>\n<p>En los n\u00fameros tampoco le va bien a la capital nortesantandereana. Las \u00faltimas mediciones dan cuenta de una inflaci\u00f3n del 0,64 por ciento y del 14,6 por ciento en desempleo. El Producto Interno Bruto del departamento llega al 2 por ciento.<\/p>\n<p>\u201cNorte de Santander requiere de un cuidado especial. Son preocupantes los niveles del contrabando\u201d, especialmente el de gasolina, que \u201cno es un negocio exclusivo de los pimpineros sino de bandas criminales\u201d.<\/p>\n<p>La explicaci\u00f3n que tienen estos guarismos negativos tiene origen \u201cen parte por la mala situaci\u00f3n de Venezuela\u201d, asegur\u00f3 el presidente de Fenalco. La inflaci\u00f3n en el vecino pa\u00eds, seg\u00fan c\u00e1lculos del dirigente gremial, va m\u00e1s all\u00e1 del 40 por ciento anunciado por el gobierno de Nicol\u00e1s Maduro.<\/p>\n<p>Este a\u00f1o, pr\u00f3ximo a terminar, no resulta bueno para el comercio. Por esta raz\u00f3n, Botero Nieto no ve con buenos ojos que el presidente Juan Manuel Santos los inste a vender los productos a Venezuela sin que les paguen. Record\u00f3 la experiencia del pasado reciente.<\/p>\n<p>Algunos comerciantes cucute\u00f1os aguardan que Cadivi les gire lo correspondiente a exportaciones efectuadas en a\u00f1os pasados y que suma millones de d\u00f3lares.<\/p>\n<p>Vaticin\u00f3 que a partir de enero se ver\u00e1n en Colombia los nombres de las cadenas comerciales venezolanas. Los propietarios de las firmas hacen tr\u00e1mites para establecerse en el pa\u00eds.<\/p>\n<p>Guillermo Botero no dej\u00f3 pasar la ocasi\u00f3n para hablar de pol\u00edtica. \u201cEl a\u00f1o entrante se producir\u00e1 en Colombia un tr\u00e1nsito hacia un r\u00e9gimen parlamentario\u201d. El an\u00e1lisis lo hizo a partir de los nombres que aspiran a llegar al Congreso de la Rep\u00fablica luego de las elecciones.<\/p>\n<p>Sin mencionar a alguien en particular, dijo que este cambio se producir\u00e1 por la calidad de los nombres que encabezar\u00e1n las listas y asegur\u00f3 que los partidos tradicionales (Liberal y Conservador) perder\u00e1n poder en el Senado y la C\u00e1mara de Representantes.<\/p>\n<p>En torno al trabajo efectuado en beneficio de los afiliados a la federaci\u00f3n, el presidente Botero Nieto indic\u00f3 que han dado varias batallas, entre las que enumer\u00f3 la correspondiente a las tarjetas de cr\u00e9dito, los cerca de 200 proyectos de ley que atajaron en el Congreso y las iniciativas de impacto sobre el gremio.<\/p>\n<p>Critic\u00f3 con iron\u00eda la propuesta de \u2018Ley Jos\u00e9\u2019, con la que se busca que el esposo tambi\u00e9n descanse 14 semanas luego del parto de la esposa, y la posibilidad de convertir en feriado la fecha relacionada con la reci\u00e9n canonizada Madre Laura.<\/p>\n<p>\u201cColombia es el \u00fanico pa\u00eds que celebra tres independencias\u201d.<\/p>\n<p>Al final del acto, la Federaci\u00f3n reconoci\u00f3 la lealtad de varios comerciantes y resalt\u00f3 el compromiso adquirido con la agremiaci\u00f3n.<\/p>\n<p><b>RAFAEL ANTONIO PAB\u00d3N<\/b><\/p>\n<p><a href=\"mailto:rafaelpabon58@hotmail.com\">rafaelpabon58@hotmail.com<\/a><\/p>\n<p>&nbsp; <\/p>\n","protected":false},"excerpt":{"rendered":"<p>C\u00daCUTA.- \u201cMe preocupar\u00e9 por ser un vocero representativo de los intereses de Norte de Santander\u201d, dijo anoche el presidente nacional de Fenalco, Guillermo Botero Nieto al terminar la intervenci\u00f3n en el acto conmemorativo de los 66 a\u00f1os de la seccional de la Federaci\u00f3n Nacional de Comerciantes. En la intervenci\u00f3n el dirigente gremial hizo un repaso &hellip;<\/p>\n","protected":false},"author":1,"featured_media":19886,"comment_status":"open","ping_status":"open","sticky":false,"template":"","format":"standard","meta":{"footnotes":""},"categories":[32],"tags":[378,961],"class_list":["post-19885","post","type-post","status-publish","format-standard","has-post-thumbnail","hentry","category-recorrido-por-la-region","tag-fenalco","tag-guillermo-botero"],"_links":{"self":[{"href":"https:\/\/contraluzcucuta.co\/index.php?rest_route=\/wp\/v2\/posts\/19885","targetHints":{"allow":["GET"]}}],"collection":[{"href":"https:\/\/contraluzcucuta.co\/index.php?rest_route=\/wp\/v2\/posts"}],"about":[{"href":"https:\/\/contraluzcucuta.co\/index.php?rest_route=\/wp\/v2\/types\/post"}],"author":[{"embeddable":true,"href":"https:\/\/contraluzcucuta.co\/index.php?rest_route=\/wp\/v2\/users\/1"}],"replies":[{"embeddable":true,"href":"https:\/\/contraluzcucuta.co\/index.php?rest_route=%2Fwp%2Fv2%2Fcomments&post=19885"}],"version-history":[{"count":2,"href":"https:\/\/contraluzcucuta.co\/index.php?rest_route=\/wp\/v2\/posts\/19885\/revisions"}],"predecessor-version":[{"id":19888,"href":"https:\/\/contraluzcucuta.co\/index.php?rest_route=\/wp\/v2\/posts\/19885\/revisions\/19888"}],"wp:featuredmedia":[{"embeddable":true,"href":"https:\/\/contraluzcucuta.co\/index.php?rest_route=\/wp\/v2\/media\/19886"}],"wp:attachment":[{"href":"https:\/\/contraluzcucuta.co\/index.php?rest_route=%2Fwp%2Fv2%2Fmedia&parent=19885"}],"wp:term":[{"taxonomy":"category","embeddable":true,"href":"https:\/\/contraluzcucuta.co\/index.php?rest_route=%2Fwp%2Fv2%2Fcategories&post=19885"},{"taxonomy":"post_tag","embeddable":true,"href":"https:\/\/contraluzcucuta.co\/index.php?rest_route=%2Fwp%2Fv2%2Ftags&post=19885"}],"curies":[{"name":"wp","href":"https:\/\/api.w.org\/{rel}","templated":true}]}}