{"id":19881,"date":"2013-10-21T22:14:23","date_gmt":"2013-10-22T03:14:23","guid":{"rendered":"http:\/\/contraluzcucuta.co\/?p=19881"},"modified":"2013-10-21T22:14:23","modified_gmt":"2013-10-22T03:14:23","slug":"el-50-de-los-compradores-se-ahuyento-de-cucuta","status":"publish","type":"post","link":"https:\/\/contraluzcucuta.co\/?p=19881","title":{"rendered":"El 50 % de los compradores se ahuyent\u00f3 de C\u00facuta"},"content":{"rendered":"<p><b>C\u00daCUTA.-<\/b> En medio de una \u00e9poca\u00a0 con caracter\u00edsticas especiales, Fenalco se apresta a celebrar la asamblea anual. La situaci\u00f3n econ\u00f3mica de la ciudad ha venido movi\u00e9ndose al ritmo de los acontecimientos pol\u00edticos y econ\u00f3micos de Venezuela que han sido cambiantes, tal vez como nunca en la historia contempor\u00e1nea.<\/p>\n<p>El 50 por ciento de los compradores se ahuyent\u00f3 debido a la p\u00e9rdida del poder adquisitivo por la baja cotizaci\u00f3n de su moneda. A eso se agrega que estos anteriores compradores son ahora vendedores que atienden a un sector de nuestra clientela en sus establecimientos del otro lado de frontera o incluso que vienen a ofrecer sus productos puerta a puerta.<\/p>\n<p>Esto nos ha llevado a pensar en\u00a0 la necesidad de buscar otros mercados internacionales diferentes a Venezuela; pero para eso tenemos que dar el cambio del comercio hacia la producci\u00f3n. Sin embargo, nuestra regi\u00f3n no est\u00e1 comunicada entre s\u00ed, las v\u00edas de comunicaci\u00f3n de C\u00facuta con los municipios vecinos, en su gran parte, son trochas poco transitables; no estamos bien comunicados con el interior del pa\u00eds ni con los puertos de la Costa Atl\u00e1ntica, situaci\u00f3n que se nos sale de las manos y pasa a tocar el \u00e1mbito pol\u00edtico. Es por eso que en nuestra asamblea de\u00a0 este martes hablaremos sobre las relaciones de Fenalco con\u00a0 los dem\u00e1s sectores, como el sector agr\u00edcola el sector minero, el sector industrial y toda actividad, incluido el sector oficial, capaz de generar alg\u00fan ingreso legal; por m\u00ednimo que sea le es ben\u00e9fico al comercio. Disertaremos sobre la necesidad de tener unos municipios vecinos fuertes econ\u00f3micamente y por eso tendremos que darnos a la tarea de defender los intereses de las gentes de todas estas regiones apartadas e incomunicadas con la capital del departamento. Son temas espinosos\u00a0 debido al descontento existente tanto en el Norte como en el Sur del Departamento, pero tenemos que ser conscientes que si no conseguimos el desarrollo productivo y econ\u00f3mico de esas dos regiones del departamento seguiremos con una econom\u00eda cada un d\u00eda con mayores \u00edndices de decrecimiento. Uno de los problemas de la zona norte del departamento es la falta de\u00a0 carretera y es la misma que necesitamos nosotros para salir al mercado de la Costa Atl\u00e1ntica. Lo que m\u00e1s est\u00e1n reclamando en este momento los municipios del sur del departamento desde Chin\u00e1cota\u00a0 hasta Saravena es la misma carretera que nosotros reclamamos para comunicarnos con Arauca y los Llanos Orientales.<\/p>\n<p>&nbsp;<\/p>\n<p>Es aqu\u00ed donde Fenalco debe ingerir en la mejor propuesta de selecci\u00f3n tanto para el gobernante para la ciudad como el gobernante para el departamento y el gobernante para\u00a0 el pa\u00eds. Creemos que el mandatario local debe gobernar desde las veredas m\u00e1s apartadas hacia el centro de la ciudad. Que el Gobernador debe atender las necesidades de los municipios m\u00e1s lejanos hasta la ciudad capital; creemos que Colombia debe tener un Presidente que empiece con el desarrollo de las zonas m\u00e1s alejadas hasta la capital. Creemos que debe haber un gobierno que gobierne de afuera hacia adentro, o de lo contrario no se estar\u00e1n atendiendo las necesidades ni de la\u00a0 mitad de Colombia. Nuestro pensamiento debemos hac\u00e9rselo conocer a todos los candidatos y es nuestro prop\u00f3sito que los comerciantes nos reunamos con cada uno de ellos y analicemos\u00a0 con sumo cuidado sus propuestas para el departamento.<\/p>\n<p>Hacemos un llamado a nuestros afiliados a que asistan este martes a nuestra Asamblea y meditemos sobre estos temas hoy m\u00e1s apremiantes que en otras \u00e9pocas.<\/p>\n<p><b>RODOLFO MORA MORA<\/b><\/p>\n<p><b>Presidente de la junta directiva de Fenalco<\/b><\/p>\n<p><b>\u00a0<\/b> <\/p>\n","protected":false},"excerpt":{"rendered":"<p>C\u00daCUTA.- En medio de una \u00e9poca\u00a0 con caracter\u00edsticas especiales, Fenalco se apresta a celebrar la asamblea anual. La situaci\u00f3n econ\u00f3mica de la ciudad ha venido movi\u00e9ndose al ritmo de los acontecimientos pol\u00edticos y econ\u00f3micos de Venezuela que han sido cambiantes, tal vez como nunca en la historia contempor\u00e1nea. El 50 por ciento de los compradores &hellip;<\/p>\n","protected":false},"author":1,"featured_media":19882,"comment_status":"open","ping_status":"open","sticky":false,"template":"","format":"standard","meta":{"footnotes":""},"categories":[541,4],"tags":[378],"class_list":["post-19881","post","type-post","status-publish","format-standard","has-post-thumbnail","hentry","category-ciudad","category-barra","tag-fenalco"],"_links":{"self":[{"href":"https:\/\/contraluzcucuta.co\/index.php?rest_route=\/wp\/v2\/posts\/19881","targetHints":{"allow":["GET"]}}],"collection":[{"href":"https:\/\/contraluzcucuta.co\/index.php?rest_route=\/wp\/v2\/posts"}],"about":[{"href":"https:\/\/contraluzcucuta.co\/index.php?rest_route=\/wp\/v2\/types\/post"}],"author":[{"embeddable":true,"href":"https:\/\/contraluzcucuta.co\/index.php?rest_route=\/wp\/v2\/users\/1"}],"replies":[{"embeddable":true,"href":"https:\/\/contraluzcucuta.co\/index.php?rest_route=%2Fwp%2Fv2%2Fcomments&post=19881"}],"version-history":[{"count":1,"href":"https:\/\/contraluzcucuta.co\/index.php?rest_route=\/wp\/v2\/posts\/19881\/revisions"}],"predecessor-version":[{"id":19883,"href":"https:\/\/contraluzcucuta.co\/index.php?rest_route=\/wp\/v2\/posts\/19881\/revisions\/19883"}],"wp:featuredmedia":[{"embeddable":true,"href":"https:\/\/contraluzcucuta.co\/index.php?rest_route=\/wp\/v2\/media\/19882"}],"wp:attachment":[{"href":"https:\/\/contraluzcucuta.co\/index.php?rest_route=%2Fwp%2Fv2%2Fmedia&parent=19881"}],"wp:term":[{"taxonomy":"category","embeddable":true,"href":"https:\/\/contraluzcucuta.co\/index.php?rest_route=%2Fwp%2Fv2%2Fcategories&post=19881"},{"taxonomy":"post_tag","embeddable":true,"href":"https:\/\/contraluzcucuta.co\/index.php?rest_route=%2Fwp%2Fv2%2Ftags&post=19881"}],"curies":[{"name":"wp","href":"https:\/\/api.w.org\/{rel}","templated":true}]}}