{"id":19877,"date":"2013-10-21T22:00:33","date_gmt":"2013-10-22T03:00:33","guid":{"rendered":"http:\/\/contraluzcucuta.co\/?p=19877"},"modified":"2013-10-21T22:00:33","modified_gmt":"2013-10-22T03:00:33","slug":"norte-de-santander-cuna-del-cafe-de-colombia","status":"publish","type":"post","link":"https:\/\/contraluzcucuta.co\/?p=19877","title":{"rendered":"\u2018Norte de Santander, cuna del caf\u00e9 de Colombia\u2019"},"content":{"rendered":"<p><b>BOGOT\u00c1.- <\/b>Cinco empresas cafeteras de Norte de Santander participaron en la feria \u2018ExpoEspeciales-Caf\u00e9 de Colombia\u2019, en Bogot\u00e1. Los exponentes, del 16 al 19 de octubre, contaron con apoyo econ\u00f3mico y log\u00edstico de la C\u00e1mara de Comercio de C\u00facuta, Proexport y Comit\u00e9 de Cafeteros.<\/p>\n<p>Las empresas Caf\u00e9 Frontera, Cafetales de Colombia, Caf\u00e9 Crisol, Asociaci\u00f3n de Cafeteros del Catatumbo y Humus de San P\u00edo promovieron los\u00a0 productos de alta calidad e innovaci\u00f3n.<\/p>\n<p>Los nortesantandereanos mostraron el caf\u00e9 especial en originales empaques, y en particular los abonos org\u00e1nicos, \u00a0especialidad de la firma Humus San P\u00edo, que ha obtenido los reconocimientos internacionales Premio de Calidad (Par\u00eds), con certificaci\u00f3n verde y el Premio de la Calidad (Ginebra).<\/p>\n<p>El local de las empresas de la regi\u00f3n llev\u00f3 el nombre \u2018Norte de Santander, cuna del caf\u00e9 de Colombia\u2019, en el que los participantes contaron al p\u00fablico la historia del caf\u00e9, que inici\u00f3 en Salazar de las Palmas.<\/p>\n<p>\u2018Expoespeciales-Caf\u00e9 de Colombia\u2019 es una feria especializada que tiene por objeto integrar la cadena cafetera para presentar, exponer y conocer innovaciones y tendencias de la industria nacional e internacional.<\/p>\n<p>La Feria es un escenario atractivo para el establecimiento de contactos y la puesta en marcha de negocios que contribuir\u00e1n con el fortalecimiento del sector y la promoci\u00f3n del consumo nacional e internacional.<\/p>\n<p>&nbsp; <\/p>\n","protected":false},"excerpt":{"rendered":"<p>BOGOT\u00c1.- Cinco empresas cafeteras de Norte de Santander participaron en la feria \u2018ExpoEspeciales-Caf\u00e9 de Colombia\u2019, en Bogot\u00e1. Los exponentes, del 16 al 19 de octubre, contaron con apoyo econ\u00f3mico y log\u00edstico de la C\u00e1mara de Comercio de C\u00facuta, Proexport y Comit\u00e9 de Cafeteros. Las empresas Caf\u00e9 Frontera, Cafetales de Colombia, Caf\u00e9 Crisol, Asociaci\u00f3n de Cafeteros &hellip;<\/p>\n","protected":false},"author":1,"featured_media":19878,"comment_status":"open","ping_status":"open","sticky":false,"template":"","format":"standard","meta":{"footnotes":""},"categories":[556,4],"tags":[960],"class_list":["post-19877","post","type-post","status-publish","format-standard","has-post-thumbnail","hentry","category-departamento","category-barra","tag-cafe-en-norte-de-santander"],"_links":{"self":[{"href":"https:\/\/contraluzcucuta.co\/index.php?rest_route=\/wp\/v2\/posts\/19877","targetHints":{"allow":["GET"]}}],"collection":[{"href":"https:\/\/contraluzcucuta.co\/index.php?rest_route=\/wp\/v2\/posts"}],"about":[{"href":"https:\/\/contraluzcucuta.co\/index.php?rest_route=\/wp\/v2\/types\/post"}],"author":[{"embeddable":true,"href":"https:\/\/contraluzcucuta.co\/index.php?rest_route=\/wp\/v2\/users\/1"}],"replies":[{"embeddable":true,"href":"https:\/\/contraluzcucuta.co\/index.php?rest_route=%2Fwp%2Fv2%2Fcomments&post=19877"}],"version-history":[{"count":1,"href":"https:\/\/contraluzcucuta.co\/index.php?rest_route=\/wp\/v2\/posts\/19877\/revisions"}],"predecessor-version":[{"id":19879,"href":"https:\/\/contraluzcucuta.co\/index.php?rest_route=\/wp\/v2\/posts\/19877\/revisions\/19879"}],"wp:featuredmedia":[{"embeddable":true,"href":"https:\/\/contraluzcucuta.co\/index.php?rest_route=\/wp\/v2\/media\/19878"}],"wp:attachment":[{"href":"https:\/\/contraluzcucuta.co\/index.php?rest_route=%2Fwp%2Fv2%2Fmedia&parent=19877"}],"wp:term":[{"taxonomy":"category","embeddable":true,"href":"https:\/\/contraluzcucuta.co\/index.php?rest_route=%2Fwp%2Fv2%2Fcategories&post=19877"},{"taxonomy":"post_tag","embeddable":true,"href":"https:\/\/contraluzcucuta.co\/index.php?rest_route=%2Fwp%2Fv2%2Ftags&post=19877"}],"curies":[{"name":"wp","href":"https:\/\/api.w.org\/{rel}","templated":true}]}}