{"id":19871,"date":"2013-10-21T21:23:01","date_gmt":"2013-10-22T02:23:01","guid":{"rendered":"http:\/\/contraluzcucuta.co\/?p=19871"},"modified":"2013-10-21T21:23:01","modified_gmt":"2013-10-22T02:23:01","slug":"bicentenario-de-la-muerte-de-mercedes-abrego","status":"publish","type":"post","link":"https:\/\/contraluzcucuta.co\/?p=19871","title":{"rendered":"Bicentenario de la muerte de Mercedes \u00c1brego"},"content":{"rendered":"<p><b>C\u00daCUTA.-<\/b> Autoridades acad\u00e9micas, civiles, c\u00edvicas, religiosas y policiales se dieron cita en el parque Mercedes \u00c1brego para rendirle homenaje a la hero\u00edna, al cumplirse el bicentenario de la muerte.<\/p>\n<p>La ceremonia y el acto protocolario se llevaron a cabo en el parque que lleva el nombre de la mujer sacrificada por amor a la patria. El te d\u00e9um se ofici\u00f3 en la iglesia San Antonio.<\/p>\n<p>Los 200 a\u00f1os del sacrificio de la hero\u00edna Mercedes \u00c1brego fue motivo para convocar a estudiantes, j\u00f3venes, comunidad y la Academia de Historia para amar, cuidar y rescatar los monumentos de la ciudad.<\/p>\n<p>\u201cEl parque Mercedes es un espacio dise\u00f1ado para disfrute de las familias cucute\u00f1as. No puede ser afectado por la delincuencia com\u00fan y la prostituci\u00f3n que de manera frecuente se observa en esta zona\u201d, dijo el alcalde Donamaris Ram\u00edrez.<\/p>\n<p>La conmemoraci\u00f3n sirvi\u00f3 para que los j\u00f3venes conocieran la historia de la ciudad y se vinculen a los actos culturales y educativos que buscan reavivar el sentido de pertenencia.<\/p>\n<p>Mercedes \u00c1brego no se cas\u00f3 pero tuvo tres hijos con Jos\u00e9 Marcelo Reyes: Jos\u00e9 Miguel, Pedro Mar\u00eda y Jos\u00e9 Mar\u00eda. Fue una mujer reconocida por la cultura y la laboriosidad. Ten\u00eda gran habilidad para los trabajos manuales y era solicitada para la ense\u00f1anza de las artes y para la elaboraci\u00f3n de ornamentos religiosos destinados a las iglesias de C\u00facuta, Villa del Rosario, San Antonio y pueblos vecinos.<\/p>\n<p>Desde el inicio de la guerra de Independencia, Mercedes \u00c1brego manifest\u00f3 entusiasmo y apoyo a los patriotas. Tuvo un fervoroso aprecio por el libertador Sim\u00f3n Bol\u00edvar, a quien conoci\u00f3 en las campa\u00f1as militares de C\u00facuta, antecesoras de la Campa\u00f1a Admirable de 1813 y 1814.<\/p>\n<p>La simpat\u00eda por la causa patri\u00f3tica la llev\u00f3 a colaborar con los ej\u00e9rcitos republicanos que lucharon en el valle de C\u00facuta y lugares vecinos contra las tropas espa\u00f1olas de Ram\u00f3n Correa y Bartolom\u00e9 Liz\u00f3n.<\/p>\n<p>Manifest\u00f3 con decisi\u00f3n su apoyo a la causa patri\u00f3tica, y con sus contactos secretos manten\u00eda informadas a las tropas del general Francisco de Paula Santander sobre los movimientos del ej\u00e9rcito realista. Precisamente gracias a sus informes secretos, Santander obtuvo los triunfos militares de San Faustino y Capacho, contra las tropas de Matute y Ca\u00f1as.<\/p>\n<p>Acusada de conspiradora y ayudante de las guerrillas patriotas, fue aprehendida en la casa de campo y llevada a la c\u00e1rcel para ser ajusticiada. Recibi\u00f3 los correspondientes oficios religiosos en la capilla y dos de los tres hijos presenciaron la muerte el 21 de octubre de 1813. El sacrificio en defensa de los ideales republicanos influy\u00f3 en muchas mujeres granadinas, hero\u00ednas que fueron decisivas para el triunfo de la libertad.<\/p>\n<p>&nbsp; <\/p>\n","protected":false},"excerpt":{"rendered":"<p>C\u00daCUTA.- Autoridades acad\u00e9micas, civiles, c\u00edvicas, religiosas y policiales se dieron cita en el parque Mercedes \u00c1brego para rendirle homenaje a la hero\u00edna, al cumplirse el bicentenario de la muerte. La ceremonia y el acto protocolario se llevaron a cabo en el parque que lleva el nombre de la mujer sacrificada por amor a la patria. &hellip;<\/p>\n","protected":false},"author":1,"featured_media":19872,"comment_status":"open","ping_status":"open","sticky":false,"template":"","format":"standard","meta":{"footnotes":""},"categories":[4,37],"tags":[953],"class_list":["post-19871","post","type-post","status-publish","format-standard","has-post-thumbnail","hentry","category-barra","category-paseo-cultural","tag-mercedes-abrego"],"_links":{"self":[{"href":"https:\/\/contraluzcucuta.co\/index.php?rest_route=\/wp\/v2\/posts\/19871","targetHints":{"allow":["GET"]}}],"collection":[{"href":"https:\/\/contraluzcucuta.co\/index.php?rest_route=\/wp\/v2\/posts"}],"about":[{"href":"https:\/\/contraluzcucuta.co\/index.php?rest_route=\/wp\/v2\/types\/post"}],"author":[{"embeddable":true,"href":"https:\/\/contraluzcucuta.co\/index.php?rest_route=\/wp\/v2\/users\/1"}],"replies":[{"embeddable":true,"href":"https:\/\/contraluzcucuta.co\/index.php?rest_route=%2Fwp%2Fv2%2Fcomments&post=19871"}],"version-history":[{"count":1,"href":"https:\/\/contraluzcucuta.co\/index.php?rest_route=\/wp\/v2\/posts\/19871\/revisions"}],"predecessor-version":[{"id":19873,"href":"https:\/\/contraluzcucuta.co\/index.php?rest_route=\/wp\/v2\/posts\/19871\/revisions\/19873"}],"wp:featuredmedia":[{"embeddable":true,"href":"https:\/\/contraluzcucuta.co\/index.php?rest_route=\/wp\/v2\/media\/19872"}],"wp:attachment":[{"href":"https:\/\/contraluzcucuta.co\/index.php?rest_route=%2Fwp%2Fv2%2Fmedia&parent=19871"}],"wp:term":[{"taxonomy":"category","embeddable":true,"href":"https:\/\/contraluzcucuta.co\/index.php?rest_route=%2Fwp%2Fv2%2Fcategories&post=19871"},{"taxonomy":"post_tag","embeddable":true,"href":"https:\/\/contraluzcucuta.co\/index.php?rest_route=%2Fwp%2Fv2%2Ftags&post=19871"}],"curies":[{"name":"wp","href":"https:\/\/api.w.org\/{rel}","templated":true}]}}