{"id":19736,"date":"2013-10-14T22:45:25","date_gmt":"2013-10-15T03:45:25","guid":{"rendered":"http:\/\/contraluzcucuta.co\/?p=19736"},"modified":"2013-10-14T22:45:25","modified_gmt":"2013-10-15T03:45:25","slug":"no-voy-a-descansar-hasta-saber-que-paso-con-mi-hijo","status":"publish","type":"post","link":"https:\/\/contraluzcucuta.co\/?p=19736","title":{"rendered":"\u201cNo voy a descansar hasta saber qu\u00e9 pas\u00f3 con mi hijo\u201d"},"content":{"rendered":"<p><strong><i>Testimonio de una v\u00edctima de la escalada paramilitar en La Gabarra<\/i><\/strong><\/p>\n<p>Los ojos azul aguamarina de Mar\u00eda* se viven inundando a cada rato, como si fueran una fuente de agua inagotable capaz de desbordar los r\u00edos y hasta el propio oc\u00e9ano. Su mirada se pierde escarbando en el tiempo y es cuando empiezan a brotar las gruesas l\u00e1grimas que son cristales que recorren las mejillas hasta las comisuras de la boca, seguramente para sentir all\u00ed el amargo de su sufrimiento.<\/p>\n<p>Es una mujer entrada en a\u00f1os, que no olvida y que se resiste a aceptar la p\u00e9rdida de su hijo, extraviado en la vor\u00e1gine criminal desatada por los paramilitares en las entra\u00f1as de El Catatumbo.\u00a0 Su vida, sin embargo, ha tenido etapas felices, que la ayudan a sobreponerse a la adversidad y la remontan a la ni\u00f1ez en las orillas del r\u00edo Catatumbo,\u00a0 en el que su padre pescaba mientras ella correteaba junto a sus dos hermanos, cubiertos de cielo y una inmenso manto vegetal.<\/p>\n<p>\u201cMi vida fue as\u00ed. A la edad de 6 a\u00f1os mi pap\u00e1 me llev\u00f3 a El Catatumbo, cuando los ind\u00edgenas eran bravos, a un punto conocido como El 60, m\u00e1s adelante de La Gabarra. Ah\u00ed crecimos y en esa lejan\u00eda aprendimos a convivir con los Motil\u00f3n Bar\u00ed, que reci\u00e9n empezaban a tener contacto con lo que se conoce como civilizaci\u00f3n.<\/p>\n<p>\u201cViv\u00edamos con el viejo, porque mi mam\u00e1 lo abandon\u00f3 y nosotros nos quedamos solos en ese ambiente. En Catalaura, en la parte baja de Ca\u00f1o Martillo, donde exist\u00eda una misi\u00f3n que dirig\u00edan curas y monjas, les ense\u00f1aban a leer y a escribir a los indiecitos y ah\u00ed tuve mi primer contacto con las letras, que continu\u00e9 en El 60, hasta el segundo a\u00f1o de primaria, con la profesora Ramona. La \u00fanica educaci\u00f3n que recib\u00ed en la vida, porque no pude volver a estudiar.<\/p>\n<p>\u201cMi pap\u00e1, en esa \u00e9poca, les vend\u00eda el pescado a las compa\u00f1\u00edas Colpet-Sagoc que se encargaron, desde 1931 y durante 50 a\u00f1os, del manejo: exploraci\u00f3n, explotaci\u00f3n, construcci\u00f3n del oleoducto, trasporte y posteriormente de la refinaci\u00f3n y exportaci\u00f3n del petr\u00f3leo y los dem\u00e1s hidrocarburos de la Concesi\u00f3n Barco en El Catatumbo.<\/p>\n<p>\u201cNos instalamos en un punto llamado Barrancas, en una finca donde nos terminamos de criar, junto a Jes\u00fas, un peque\u00f1o motil\u00f3n que un d\u00eda lleg\u00f3 a nuestra casa y se qued\u00f3 con nosotros hasta que fue un hombre.<\/p>\n<p>\u201cEse tiempo fue bonito, porque goz\u00e1bamos de paz y tranquilidad. Los ind\u00edgenas se hab\u00edan apaciguado y no hab\u00eda temor de nadie. Todos est\u00e1bamos unidos, campesinos y motilones trabaj\u00e1bamos la tierra en armon\u00eda, juntos pesc\u00e1bamos o caz\u00e1bamos sin problemas.<\/p>\n<p>\u201cViv\u00ed en ese lugar hasta que me cas\u00e9, a los 15 a\u00f1os, y form\u00e9 mi hogar, en una finca que logramos comprar y d\u00f3nde me intern\u00e9 a cuidar mis 14 hijos. Trabajamos con ganado, plantamos \u00e1rboles frutales, pl\u00e1tano, yuca y hortalizas.<\/p>\n<p>\u201cBuscando mejor provecho los campesinos de las veredas La Isla, Las Palmas, Mis Negros y la parte baja de El Martillo organizamos una cooperativa, en 1998, un a\u00f1o antes de la entrada de los paramilitares a La Gabarra, aquel doloroso mayo de 1999.<\/p>\n<p>\u201cEst\u00e1bamos asociados agricultores y ganaderos y todo eso se acab\u00f3. Todav\u00eda guardo esa documentaci\u00f3n, que he tenido que mostrar para dar testimonio de nuestra tragedia. Adem\u00e1s de desaparecer a mi hijo, asesinaron a mi hermano, un cu\u00f1ado y vimos caer a nuestros vecinos.<\/p>\n<p>\u201cFuimos ganaderos y agricultores y nunca trabajamos con la \u2018mata\u2019. Esa ha sido mi lucha, porque siempre nos enrostran que cultiv\u00e1bamos coca, entonces con ese cuento justifican las masacres y toda la barbarie paramilitar. Tenemos c\u00f3mo demostrar que siempre hemos sido familias que si logramos tener algo lo conseguimos con trabajo honrado, con amor y esfuerzo.<\/p>\n<p>\u201cEso es lo que no nos permite retroceder y estar reclamando lo que perdimos, porque no podr\u00eda mirar a la cara a nadie si nuestras cosas, que Dios nos regal\u00f3, las hubi\u00e9ramos conseguido mediante acciones il\u00edcitas.<\/p>\n<p>\u201cEl d\u00eda que recibimos el primer mercado como desplazados en la Cruz Roja, fue para nosotros muy duro, porque no est\u00e1bamos acostumbrados a pedir, y por el contrario ten\u00edamos para darles a otras personas, compart\u00edamos con mucha gente parte de nuestras cosechas.<\/p>\n<p>\u201cEn los primeros meses del desplazamiento, una hija de 11 a\u00f1os perdi\u00f3 la raz\u00f3n por toda la situaci\u00f3n que vivimos, incluso aguantamos hambre y estuvimos a la intemperie.<\/p>\n<p>\u201cSobreponi\u00e9ndome al miedo y a la impotencia que se siente cuando no se tiene una respuesta contundente del Estado, hasta el d\u00eda de hoy no he bajado la guardia. Hasta el d\u00eda de hoy he insistido en buscar a m\u00ed hijo, en buscar la verdad, porque eso es lo que yo quiero, aparte de la reparaci\u00f3n que por ley debe dar el Gobierno.<\/p>\n<p>\u201cNo voy a descansar hasta saber qu\u00e9 pas\u00f3 con mi hijo, que ten\u00eda tan solo 16 a\u00f1os cuando los paramilitares lo bajaron de una canoa y se lo llevaron por una loma arriba, sin que le permitieran siquiera volver la vista atr\u00e1s.<\/p>\n<p>*Nombre cambiado para proteger la integridad de la v\u00edctima<\/p>\n<p><a href=\"http:\/\/fundacionprogresarcuc.blogspot.com\/\">Fundaci\u00f3n Progresar<\/a><\/p>\n<p>&nbsp; <\/p>\n","protected":false},"excerpt":{"rendered":"<p>Testimonio de una v\u00edctima de la escalada paramilitar en La Gabarra Los ojos azul aguamarina de Mar\u00eda* se viven inundando a cada rato, como si fueran una fuente de agua inagotable capaz de desbordar los r\u00edos y hasta el propio oc\u00e9ano. Su mirada se pierde escarbando en el tiempo y es cuando empiezan a brotar &hellip;<\/p>\n","protected":false},"author":1,"featured_media":19737,"comment_status":"open","ping_status":"open","sticky":false,"template":"","format":"standard","meta":{"footnotes":""},"categories":[4,5],"tags":[696],"class_list":["post-19736","post","type-post","status-publish","format-standard","has-post-thumbnail","hentry","category-barra","category-justicia-transicional","tag-victimas-de-la-violencia-en-norte-de-santander"],"_links":{"self":[{"href":"https:\/\/contraluzcucuta.co\/index.php?rest_route=\/wp\/v2\/posts\/19736","targetHints":{"allow":["GET"]}}],"collection":[{"href":"https:\/\/contraluzcucuta.co\/index.php?rest_route=\/wp\/v2\/posts"}],"about":[{"href":"https:\/\/contraluzcucuta.co\/index.php?rest_route=\/wp\/v2\/types\/post"}],"author":[{"embeddable":true,"href":"https:\/\/contraluzcucuta.co\/index.php?rest_route=\/wp\/v2\/users\/1"}],"replies":[{"embeddable":true,"href":"https:\/\/contraluzcucuta.co\/index.php?rest_route=%2Fwp%2Fv2%2Fcomments&post=19736"}],"version-history":[{"count":1,"href":"https:\/\/contraluzcucuta.co\/index.php?rest_route=\/wp\/v2\/posts\/19736\/revisions"}],"predecessor-version":[{"id":19738,"href":"https:\/\/contraluzcucuta.co\/index.php?rest_route=\/wp\/v2\/posts\/19736\/revisions\/19738"}],"wp:featuredmedia":[{"embeddable":true,"href":"https:\/\/contraluzcucuta.co\/index.php?rest_route=\/wp\/v2\/media\/19737"}],"wp:attachment":[{"href":"https:\/\/contraluzcucuta.co\/index.php?rest_route=%2Fwp%2Fv2%2Fmedia&parent=19736"}],"wp:term":[{"taxonomy":"category","embeddable":true,"href":"https:\/\/contraluzcucuta.co\/index.php?rest_route=%2Fwp%2Fv2%2Fcategories&post=19736"},{"taxonomy":"post_tag","embeddable":true,"href":"https:\/\/contraluzcucuta.co\/index.php?rest_route=%2Fwp%2Fv2%2Ftags&post=19736"}],"curies":[{"name":"wp","href":"https:\/\/api.w.org\/{rel}","templated":true}]}}