{"id":19730,"date":"2013-10-14T22:32:50","date_gmt":"2013-10-15T03:32:50","guid":{"rendered":"http:\/\/contraluzcucuta.co\/?p=19730"},"modified":"2013-10-14T22:35:29","modified_gmt":"2013-10-15T03:35:29","slug":"llego-la-hora-la-revitalizacion-y-la-proyeccion-de-las-fronteras","status":"publish","type":"post","link":"https:\/\/contraluzcucuta.co\/?p=19730","title":{"rendered":"\u00bfLleg\u00f3 la hora, la revitalizaci\u00f3n y la proyecci\u00f3n de las fronteras?"},"content":{"rendered":"<p>1.- Como se han hecho anuncios oficiales por parte de las Canciller\u00edas de Colombia y de Venezuela que el 16 se reiniciar\u00e1n los contactos que quedaron en suspenso hace tres meses, es de esperar que los agentes y los auxiliares de los dos gobiernos, en un acto reivindicativo, ejemplarizante y aut\u00e9ntico, incluyan en las agendas y los prop\u00f3sitos una real y visionaria perspectiva sobre lo que hay, lo que se necesita y lo que en t\u00e9rminos de prioridad y urgentes exige definiciones, concreciones y dinamizaci\u00f3n de empe\u00f1os, en torno a lo que piden y requieren para el desarrollo las zonas fronterizas y, en especial, la m\u00e1s poblada y sobre la que confluyen factores de primer orden, para estructurar y\u00a0 fundamentar\u00a0 con estrategias cimentadas\u00a0 y acciones de futuro convergentes revitalizadoras pol\u00edticas de Estado, que permitan generar el cambio, que desde 1821 visualiz\u00f3 el libertador Sim\u00f3n Bol\u00edvar y que los oc\u00e9anos Atl\u00e1ntico y Pacifico proyectan para que la Cuenca Marabina, los Valles de El Zulia, Pamplonita y Peralonso, entre otros, y la Orinoquia, de uno y otro lado de los l\u00edmites, sin olvidar la Amazonia, por todo lo que significa para la humanidad tengan por fin un\u00a0 escenario cierto para analizar y proyectar el futuro.<\/p>\n<p>2.- Y lo destacamos sin temores ni ambig\u00fcedades, porque es incre\u00edble que despu\u00e9s de m\u00e1s de 200 a\u00f1os de la Batalla de C\u00facuta y de todo lo que signific\u00f3 la Campa\u00f1a Admirable, los l\u00edmites patrios y las zonas o \u00e1reas de frontera sigan siendo consideradas y tratadas como\u00a0 fajas territoriales de insignificancia, porque siguen sin representatividad y descentralizaci\u00f3n, as\u00ed como en un pleno abandono de incentivos, est\u00edmulos y mecanismos que permitan aprovechar con certeza, optimismo, ponderaci\u00f3n\u00a0 y superaci\u00f3n las ventajas comparativas que la estrat\u00e9gica ubicaci\u00f3n geopol\u00edtica las determina, as\u00ed como los recursos naturales y la mancomunidad de intereses, que no pueden quedarse en simples operaciones comerciales al por menor\u00a0 o a la expectativa de generar empleos transitorios y sujetos a la informalidad, porque no hay gestiones que vayan al meollo de la problem\u00e1tica y a la capacitaci\u00f3n, innovaci\u00f3n, investigaci\u00f3n y labor compartidas que permita un vivir menos dependiente para romper la marginalidad y hacer de estos l\u00edmites una conjunci\u00f3n de tareas, planes, programas y proyectos de gigante envergadura y proyecci\u00f3n.<\/p>\n<p>3.-Seguir creyendo que nos interesa seguir viendo &#8211; y sin\u00a0 provecho regional- el tr\u00e1nsito de camiones, carrotanques y gandolas para servicios solo de los centros, sin que se entienda el inmenso porvenir que hay entre nosotros &#8211; si fu\u00e9ramos respaldados y apoyados en nuestros anhelos-\u00a0 es, igualmente, no comprender, ni evidenciar que si Colombia y Venezuela obraran en conjunci\u00f3n de empe\u00f1os otra, s\u00ed muy otra, ser\u00eda la perspectiva del Continente y la revitalizaci\u00f3n de Am\u00e9rica. Por eso, y porque es indispensable un redireccionamiento en la orientaci\u00f3n y manejo del potencial y lo que representan las frontera es v\u00e1lido esperar una pronta y eficaz compenetraci\u00f3n de entendimientos, para que estos nudos articulares del proceso de integraci\u00f3n tengan los apoyos y en especial las pol\u00edticas de Estado, que hacen falta, junto a los cuadros representativos y tecnificados, que puedan orientar, motivar y ejecutar lo que es indispensable para este giro hacia el porvenir. Si nada se hace, que nadie se queje, llore o espere un mejor futuro, porque seguir\u00eda en su apogeo la cultura del atajo y la dependencia de lo informal, en un asfixiante y doble centralismo.<\/p>\n<p><b>JOS\u00c9 NEIRA REY<\/b><\/p>\n<p><a href=\"mailto:jneirarey@hotmail.com\"><b>jneirarey@hotmail.com<\/b><\/a><b><\/b><\/p>\n<p><b>Notas al margen<\/b><\/p>\n<p>&nbsp;<\/p>\n<p>&nbsp; <\/p>\n","protected":false},"excerpt":{"rendered":"<p>1.- Como se han hecho anuncios oficiales por parte de las Canciller\u00edas de Colombia y de Venezuela que el 16 se reiniciar\u00e1n los contactos que quedaron en suspenso hace tres meses, es de esperar que los agentes y los auxiliares de los dos gobiernos, en un acto reivindicativo, ejemplarizante y aut\u00e9ntico, incluyan en las agendas &hellip;<\/p>\n","protected":false},"author":1,"featured_media":19733,"comment_status":"open","ping_status":"open","sticky":false,"template":"","format":"standard","meta":{"footnotes":""},"categories":[14,4],"tags":[303,956],"class_list":["post-19730","post","type-post","status-publish","format-standard","has-post-thumbnail","hentry","category-articulistas","category-barra","tag-jose-neira-rey","tag-notas-al-margen"],"_links":{"self":[{"href":"https:\/\/contraluzcucuta.co\/index.php?rest_route=\/wp\/v2\/posts\/19730","targetHints":{"allow":["GET"]}}],"collection":[{"href":"https:\/\/contraluzcucuta.co\/index.php?rest_route=\/wp\/v2\/posts"}],"about":[{"href":"https:\/\/contraluzcucuta.co\/index.php?rest_route=\/wp\/v2\/types\/post"}],"author":[{"embeddable":true,"href":"https:\/\/contraluzcucuta.co\/index.php?rest_route=\/wp\/v2\/users\/1"}],"replies":[{"embeddable":true,"href":"https:\/\/contraluzcucuta.co\/index.php?rest_route=%2Fwp%2Fv2%2Fcomments&post=19730"}],"version-history":[{"count":3,"href":"https:\/\/contraluzcucuta.co\/index.php?rest_route=\/wp\/v2\/posts\/19730\/revisions"}],"predecessor-version":[{"id":19734,"href":"https:\/\/contraluzcucuta.co\/index.php?rest_route=\/wp\/v2\/posts\/19730\/revisions\/19734"}],"wp:featuredmedia":[{"embeddable":true,"href":"https:\/\/contraluzcucuta.co\/index.php?rest_route=\/wp\/v2\/media\/19733"}],"wp:attachment":[{"href":"https:\/\/contraluzcucuta.co\/index.php?rest_route=%2Fwp%2Fv2%2Fmedia&parent=19730"}],"wp:term":[{"taxonomy":"category","embeddable":true,"href":"https:\/\/contraluzcucuta.co\/index.php?rest_route=%2Fwp%2Fv2%2Fcategories&post=19730"},{"taxonomy":"post_tag","embeddable":true,"href":"https:\/\/contraluzcucuta.co\/index.php?rest_route=%2Fwp%2Fv2%2Ftags&post=19730"}],"curies":[{"name":"wp","href":"https:\/\/api.w.org\/{rel}","templated":true}]}}