{"id":19726,"date":"2013-10-14T22:20:26","date_gmt":"2013-10-15T03:20:26","guid":{"rendered":"http:\/\/contraluzcucuta.co\/?p=19726"},"modified":"2013-10-14T22:20:26","modified_gmt":"2013-10-15T03:20:26","slug":"proceso-de-paz-a-examen","status":"publish","type":"post","link":"https:\/\/contraluzcucuta.co\/?p=19726","title":{"rendered":"Proceso de paz, a examen"},"content":{"rendered":"<p>El Programa Pedagog\u00eda de Paz, de la Universidad Pedag\u00f3gica Nacional, esfuerzo acad\u00e9mico y social que cumple 15 a\u00f1os de persistente convocatoria por la convivencia, organiz\u00f3 el foro conferencia \u2018Proceso de \u00b4paz, a examen\u2019, con el \u00e1nimo de analizar y discutir con la comunidad el estado de los di\u00e1logos que llevan a cabo en La Habana los delegados del presidente Juan Manuel Santos y los representantes de las Farc.<\/p>\n<p>Esta convocatoria se hizo con la presencia de \u00a0la Sociedad Econ\u00f3mica de Amigos del Pa\u00eds (Seap) y Punto de Encuentro, espacio de concurrencia de ciudadanos que cumplen un ejercicio permanente de examen democr\u00e1tico y plural del m\u00e1s importante acontecimiento en gestaci\u00f3n, como es el final del conflicto armado y la apertura a la construcci\u00f3n colectiva de la paz y la justicia social.<\/p>\n<p>Fueron invitados en condici\u00f3n de conferenciantes Horacio Serpa, expresidente de la Asamblea Constituyente y exministro de Estado; Carlos Lozano Guill\u00e9n, director del Semanario Voz y miembro del Comit\u00e9 Central del Partido Comunista, y el analista y exprisionero pol\u00edtico Carlos Arturo Velandia.<\/p>\n<p>Se debatieron puntos importantes y sobresali\u00f3\u00a0 el que reafirma\u00a0 la necesidad de crear un \u201cFrente com\u00fan de apoyo a la Paz\u201d para responder a las continuas noticias y comportamientos de dudosa procedencia que buscan lesionar la esperanza con que la opini\u00f3n ha\u00a0 rodeado y estimulado el proceso de di\u00e1logo. Se demand\u00f3 una mayor decisi\u00f3n para defender el proceso de paz por parte de Santos. Seg\u00fan sus apreciaciones, el Presidente ha estado dubitativo y en ocasiones ha prevalecido m\u00e1s la voz del Ministro de Defensa que la reflexi\u00f3n sobre la necesidad de la convivencia que acompa\u00f1a a la del Presidente.<\/p>\n<p>Carlos Lozano reconoci\u00f3 los aportes que desde el\u00a0 Gobierno se han hecho acerca de la existencia del conflicto social y armado que afronta Colombia hace 50 a\u00f1os, en contrapartida a que en el gobierno de \u00c1lvaro Uribe el conflicto no era reconocido. Sin embargo, manifest\u00f3 que la deuda hist\u00f3rica que se tiene con el campo sigue sin abordarse en forma correcta y oportuna y el desconocimiento sistem\u00e1tico de las zonas de reserva campesina que nacieron en la Ley 160 de 1964 es demostraci\u00f3n clara de una vocaci\u00f3n sistem\u00e1tica del Estado por desconocer la legislaci\u00f3n. Estas reservas campesinas obedecen a la necesidad de disminuir la exagerada concentraci\u00f3n de la tierra. Cuarenta millones de hect\u00e1reas dedicadas a la ganader\u00eda llevaron, a que un estudioso de la tem\u00e1tica agraria dijera que \u201cen Colombia es donde pastan las vacas m\u00e1s c\u00f3modas del planeta por la cantidad de tierra que tienen para su alimentaci\u00f3n\u201d.<\/p>\n<p>Horacio Serpa, curtido dirigente pol\u00edtico y siempre en actitud acad\u00e9mica de defensa por la paz, manifest\u00f3 que no hay una diferencia estructural entre los mecanismos de refrendaci\u00f3n de los acuerdos, constituyente\u00a0 o refer\u00e9ndum,\u00a0 porque bien se podr\u00eda llegar a un acuerdo entre las partes en el que en un primer tiempo se trabajara por el refer\u00e9ndum y para cuatro o cinco a\u00f1os dejar establecida la manera de efectuar la constituyente. Esta salom\u00f3nica propuesta permitir\u00eda aprobar los puntos centrales del di\u00e1logo ahora y prepararnos en una tarea de formaci\u00f3n constitucional con el fin de convocar una nueva constituyente.<\/p>\n<p>Carlos Arturo Velandia manifest\u00f3 que \u201csi las partes que hoy buscan un acuerdo de final del conflicto armado fracasan, han de saber que no solo han dejado pasar, otra vez, una gran oportunidad para s\u00ed mismos, sino que le han quitado una oportunidad a la sociedad entera\u00a0 de vivir en paz, contrariando los anhelos de las grandes mayor\u00edas\u00a0 que deseamos y creemos que es posible vivir sin conflicto armado y al mismo tiempo trabajar por reformas con trasformaciones sociales,\u00a0 que nos conduzcan a la justicia social, con m\u00e1s democracia y equidad\u201d.<\/p>\n<p>V\u00f3lmar P\u00e9rez Ortiz, exDefensor Nacional del Pueblo, \u00a0acompa\u00f1\u00f3 el foro y reflexion\u00f3 acerca de los temas tratados. Dijo que los di\u00e1logos de La Habana carecen de un punto que considera vital para el \u00e9xito, suscribir un acuerdo humanitario entre los actores del proceso que permita humanizar la guerra y excluir a la poblaci\u00f3n civil de la confrontaci\u00f3n armada.<\/p>\n<p>Para terminar, y como director del Programa de Paz, expres\u00e9 que \u201csi algo tenemos claro desde los campus universitarios es el firme compromiso adquirido con la sociedad de continuar, contra viento y marea, ayudando a aclimatar las contradicciones y hacer posible, antes de que termine el a\u00f1o, unos \u201cacuerdos m\u00ednimos\u201d que obliguen a seguir avanzando en medio del proceso electoral que se avecina y por ninguna circunstancia permitir que vuelvan la guerra y el odio entre los colombianos.<\/p>\n<p><b>ALONSO OJEDA AWAD<\/b><\/p>\n<p><b>Exembajador de Colombia<\/b><\/p>\n<p><a href=\"mailto:alonsoojedaawad1@gmail.com\"><b>alonsoojedaawad1@gmail.com<\/b><\/a><b><\/b><\/p>\n<p><b>\u00a0<\/b> <\/p>\n","protected":false},"excerpt":{"rendered":"<p>El Programa Pedagog\u00eda de Paz, de la Universidad Pedag\u00f3gica Nacional, esfuerzo acad\u00e9mico y social que cumple 15 a\u00f1os de persistente convocatoria por la convivencia, organiz\u00f3 el foro conferencia \u2018Proceso de \u00b4paz, a examen\u2019, con el \u00e1nimo de analizar y discutir con la comunidad el estado de los di\u00e1logos que llevan a cabo en La Habana &hellip;<\/p>\n","protected":false},"author":1,"featured_media":19727,"comment_status":"open","ping_status":"open","sticky":false,"template":"","format":"standard","meta":{"footnotes":""},"categories":[14,4],"tags":[830],"class_list":["post-19726","post","type-post","status-publish","format-standard","has-post-thumbnail","hentry","category-articulistas","category-barra","tag-alonso-ojeda"],"_links":{"self":[{"href":"https:\/\/contraluzcucuta.co\/index.php?rest_route=\/wp\/v2\/posts\/19726","targetHints":{"allow":["GET"]}}],"collection":[{"href":"https:\/\/contraluzcucuta.co\/index.php?rest_route=\/wp\/v2\/posts"}],"about":[{"href":"https:\/\/contraluzcucuta.co\/index.php?rest_route=\/wp\/v2\/types\/post"}],"author":[{"embeddable":true,"href":"https:\/\/contraluzcucuta.co\/index.php?rest_route=\/wp\/v2\/users\/1"}],"replies":[{"embeddable":true,"href":"https:\/\/contraluzcucuta.co\/index.php?rest_route=%2Fwp%2Fv2%2Fcomments&post=19726"}],"version-history":[{"count":1,"href":"https:\/\/contraluzcucuta.co\/index.php?rest_route=\/wp\/v2\/posts\/19726\/revisions"}],"predecessor-version":[{"id":19728,"href":"https:\/\/contraluzcucuta.co\/index.php?rest_route=\/wp\/v2\/posts\/19726\/revisions\/19728"}],"wp:featuredmedia":[{"embeddable":true,"href":"https:\/\/contraluzcucuta.co\/index.php?rest_route=\/wp\/v2\/media\/19727"}],"wp:attachment":[{"href":"https:\/\/contraluzcucuta.co\/index.php?rest_route=%2Fwp%2Fv2%2Fmedia&parent=19726"}],"wp:term":[{"taxonomy":"category","embeddable":true,"href":"https:\/\/contraluzcucuta.co\/index.php?rest_route=%2Fwp%2Fv2%2Fcategories&post=19726"},{"taxonomy":"post_tag","embeddable":true,"href":"https:\/\/contraluzcucuta.co\/index.php?rest_route=%2Fwp%2Fv2%2Ftags&post=19726"}],"curies":[{"name":"wp","href":"https:\/\/api.w.org\/{rel}","templated":true}]}}