{"id":19708,"date":"2013-10-13T18:19:20","date_gmt":"2013-10-13T23:19:20","guid":{"rendered":"http:\/\/contraluzcucuta.co\/?p=19708"},"modified":"2013-10-13T18:23:50","modified_gmt":"2013-10-13T23:23:50","slug":"mujeres-victimas-de-la-violencia-de-amor-nadie-se-muere","status":"publish","type":"post","link":"https:\/\/contraluzcucuta.co\/?p=19708","title":{"rendered":"Mujeres v\u00edctimas de la violencia. \u201cDe amor nadie se muere\u201d"},"content":{"rendered":"<p><b>C\u00daCUTA &#8211;<\/b> Cincuenta mujeres v\u00edctimas de la violencia participaron, el 12 de octubre, en el taller ofrecido por la Fundaci\u00f3n Progresar, en desarrollo del convenio suscrito con la Alcald\u00eda de C\u00facuta para el \u2018Fortalecimiento de espacios de participaci\u00f3n dirigidos a v\u00edctimas del conflicto armado y violencia de g\u00e9nero\u2019.<\/p>\n<p>La actividad se cumpli\u00f3 en el Centro Integral de Atenci\u00f3n a la Familia (Ciaf), del barrio Ni\u00f1a Ceci. Las asistentes aprendieron a diferenciar los tipos de violencia sexual, psicol\u00f3gica, f\u00edsica, patrimonial, econ\u00f3mica y verbal, y se sintieron libres en este espacio al opinar y o\u00edr y contar experiencias.<\/p>\n<p>El convenio permitir\u00e1 que 500 mujeres de la Comuna 8, donde se ha detectado el mayor de casos de maltrato, conozcan los derechos y acudan ante las autoridades judiciales para denunciar a los agresores.<\/p>\n<p>Muchas mujeres son golpeadas por los esposos, porque son sumisas y callan ante la situaci\u00f3n por pena o por miedo a quedar solas. Algunas, sacan excusas para defender al marido conflictivo. \u201cYo lo provoqu\u00e9\u201d, \u201c\u00e9l tiene la raz\u00f3n\u201d, \u201cyo empec\u00e9\u201d, son algunas de las frases que se escuchan en los despachos oficiales.<\/p>\n<p>A partir de un asunto tan complicado como la violencia, las participantes sacaron a relucir verdades. Los talleres ofrecidos por la Fundaci\u00f3n Progresar se extender\u00e1n a otros sectores de la Ciudadela Juan Atalaya.<\/p>\n<p>Los ejercicios en grupo les permitieron mayor integraci\u00f3n. Dramatizaron las seis clases de agresiones que se ven a diario. Con gracia, entusiasmo y humor mostraron la dura realidad por la que pasan en el hogar.<\/p>\n<p>Entre las conclusiones de la jornada est\u00e1 que la educaci\u00f3n no empieza con el estudio sino en la casa. De ah\u00ed la importancia de ense\u00f1ar a las hijas a ser independientes para que en el futuro no dependan emocionalmente de un hombre y no sean v\u00edctimas del maltrato de una persona que apenas conocen.<\/p>\n<p>La mujer no debe ser sumisa ni permitir un novio maltratador, porque ser\u00e1 el futuro esposo maltratador. \u201cSi el marido es alcoh\u00f3lico, el tipo de violencia no s\u00f3lo va a ser f\u00edsico, sino tambi\u00e9n sexual y psicol\u00f3gico. Como mujeres debemos alejarnos de un hombre as\u00ed, para evitar problemas m\u00e1s adelante\u201d, dijo Deicy, de 40 a\u00f1os. Concluy\u00f3, \u201cde amor, nadie se muere\u201d.<\/p>\n<p><b>MILDRED MOLINA<\/b><\/p>\n<p><a href=\"mailto:mildred_periodidmos_mms@hotmail.com\">mildred_periodidmos_mms@hotmail.com<\/a><\/p>\n<p><strong>Fotos: MARCO S\u00daA<\/strong><\/p>\n<p>&nbsp; <\/p>\n","protected":false},"excerpt":{"rendered":"<p>C\u00daCUTA &#8211; Cincuenta mujeres v\u00edctimas de la violencia participaron, el 12 de octubre, en el taller ofrecido por la Fundaci\u00f3n Progresar, en desarrollo del convenio suscrito con la Alcald\u00eda de C\u00facuta para el \u2018Fortalecimiento de espacios de participaci\u00f3n dirigidos a v\u00edctimas del conflicto armado y violencia de g\u00e9nero\u2019. La actividad se cumpli\u00f3 en el Centro &hellip;<\/p>\n","protected":false},"author":1,"featured_media":19709,"comment_status":"open","ping_status":"open","sticky":false,"template":"","format":"standard","meta":{"footnotes":""},"categories":[4,5],"tags":[831,952],"class_list":["post-19708","post","type-post","status-publish","format-standard","has-post-thumbnail","hentry","category-barra","category-justicia-transicional","tag-fundacion-progresar-cucuta","tag-mujeres-victimas-de-la-violencia"],"_links":{"self":[{"href":"https:\/\/contraluzcucuta.co\/index.php?rest_route=\/wp\/v2\/posts\/19708","targetHints":{"allow":["GET"]}}],"collection":[{"href":"https:\/\/contraluzcucuta.co\/index.php?rest_route=\/wp\/v2\/posts"}],"about":[{"href":"https:\/\/contraluzcucuta.co\/index.php?rest_route=\/wp\/v2\/types\/post"}],"author":[{"embeddable":true,"href":"https:\/\/contraluzcucuta.co\/index.php?rest_route=\/wp\/v2\/users\/1"}],"replies":[{"embeddable":true,"href":"https:\/\/contraluzcucuta.co\/index.php?rest_route=%2Fwp%2Fv2%2Fcomments&post=19708"}],"version-history":[{"count":2,"href":"https:\/\/contraluzcucuta.co\/index.php?rest_route=\/wp\/v2\/posts\/19708\/revisions"}],"predecessor-version":[{"id":19711,"href":"https:\/\/contraluzcucuta.co\/index.php?rest_route=\/wp\/v2\/posts\/19708\/revisions\/19711"}],"wp:featuredmedia":[{"embeddable":true,"href":"https:\/\/contraluzcucuta.co\/index.php?rest_route=\/wp\/v2\/media\/19709"}],"wp:attachment":[{"href":"https:\/\/contraluzcucuta.co\/index.php?rest_route=%2Fwp%2Fv2%2Fmedia&parent=19708"}],"wp:term":[{"taxonomy":"category","embeddable":true,"href":"https:\/\/contraluzcucuta.co\/index.php?rest_route=%2Fwp%2Fv2%2Fcategories&post=19708"},{"taxonomy":"post_tag","embeddable":true,"href":"https:\/\/contraluzcucuta.co\/index.php?rest_route=%2Fwp%2Fv2%2Ftags&post=19708"}],"curies":[{"name":"wp","href":"https:\/\/api.w.org\/{rel}","templated":true}]}}