{"id":19605,"date":"2013-10-04T22:27:08","date_gmt":"2013-10-05T03:27:08","guid":{"rendered":"http:\/\/contraluzcucuta.co\/?p=19605"},"modified":"2013-10-07T13:15:11","modified_gmt":"2013-10-07T18:15:11","slug":"no-es-imposible","status":"publish","type":"post","link":"https:\/\/contraluzcucuta.co\/?p=19605","title":{"rendered":"No es imposible"},"content":{"rendered":"<p>1.- As\u00ed muchos no lo crean y no pocos consideren que estamos fuera de contexto o sin evaluar los factores de competitividad y desarrollo que hoy enmarcan las perspectivas de\u00a0 otras zonas y regiones, no nos cansaremos de insistir y reiterar que este es el momento para que C\u00facuta y los municipios que conforman el\u00a0 \u00e1rea central de la frontera colombo-venezolana despierten del marasmo\u00a0 y superen la miop\u00eda, la pasividad y la desidia \u00a0de no ver, identificar y promover las enormes opciones y alternativas\u00a0 que pueden tener base y sustento en la faja territorial que determina esta presencia binacional, especialmente en lo industrial, tecnol\u00f3gico y de servicios, si con ayuda y asistencia del Ejecutivo y Legislativo, en coordinaci\u00f3n con los paralelos venezolanos se obtuvieran incentivos, est\u00edmulos, mecanismos y seguridades que tambi\u00e9n pueden ser\u00a0 valiosos \u00a0para las dos naciones, porque esos prospectos bien entendidos y manejados pueden ser creadores de investigaciones, inversiones, capacitaciones e innovaciones, y generadores de empleo en proyecci\u00f3n valiosa e\u00a0 inconmensurable para Latinoam\u00e9rica.<\/p>\n<p>2.-\u00bfPor qu\u00e9 anotamos lo anterior? Porque lo que requiere y pide a gritos la frontera colombo-venezolana son mejoramientos infraestructurales en v\u00edas y servicios, m\u00e1s unas pol\u00edticas de Estado que regulen el tr\u00e1nsito y la permanencia de personas y mercader\u00edas en aut\u00e9nticos y ejemplarizantes Parques Industriales y Tecnol\u00f3gicos que canalicen y aprovechen los recursos naturales y los anhelos de la poblaci\u00f3n asentada en las inmediaciones de los l\u00edmites, que aspiran a un cambio y trasformaci\u00f3n que modifique la condici\u00f3n de tradicionales comerciantes marginales vendedores al por menor y obligados observadores del paso de camiones y gandolas por los puentes internacionales, sin que ellos se beneficien, para dar paso\u00a0 a la producci\u00f3n\u00a0\u00a0 de todo lo que requieran Venezuela y Colombia. Y as\u00ed, la frontera asuma la tarea como nudo articular del progreso y de la moderna noci\u00f3n de la integraci\u00f3n y\u00a0 verdadera\u00a0 fraternidad latinoamericana.<\/p>\n<p>3.- Y esto no solo es posible sino que se constituye en la inmediata gesti\u00f3n que con empe\u00f1o y dedicaci\u00f3n debe adelantar C\u00facuta con el concurso de las autoridades y entidades representativas, bajo la titularidad de la academia y de todo lo docente, cient\u00edfico y tecnol\u00f3gico que quiera y pueda\u00a0 respaldar y sumarse a este prop\u00f3sito, porque lo que se debe enfocar y filtrar con entereza y visi\u00f3n de futuro es el acierto sobre lo que se debe hacer. Y, sin olvidar \u2013bajo ning\u00fan pretexto- que la frontera en sus desarrollos y avances \u00a0tambi\u00e9n debe ser la expresi\u00f3n de esa nueva humanidad, progresista y din\u00e1mica que se fortalece con\u00a0 el esfuerzo\u00a0 compartido y\u00a0 la visi\u00f3n hist\u00f3rica\u00a0 y de futuro.<\/p>\n<p>Con sinceridad, vehemencia y solicitando la mayor presencia y participaci\u00f3n posible de las fuerzas vivas y pensantes esta esperanza -de manera directa y personal se expuso en recinto\u00a0 universitario y con profesionales investigadores\u00a0 nacionales y extranjeros- al \u00a0Alcalde de C\u00facuta y a su equipo de colaboradores \u00a0durante\u00a0 un examen \u00a0amplio y abierto sobre la realidad y las perspectivas de la frontera. Y lo que ella necesita. Y le urge.<\/p>\n<p><b>JOS\u00c9 NEIRA REY<\/b><\/p>\n<p><a href=\"mailto:jneirarey@hotmail.com\">jneirarey@hotmail.com<\/a> <\/p>\n","protected":false},"excerpt":{"rendered":"<p>1.- As\u00ed muchos no lo crean y no pocos consideren que estamos fuera de contexto o sin evaluar los factores de competitividad y desarrollo que hoy enmarcan las perspectivas de\u00a0 otras zonas y regiones, no nos cansaremos de insistir y reiterar que este es el momento para que C\u00facuta y los municipios que conforman el\u00a0 &hellip;<\/p>\n","protected":false},"author":1,"featured_media":19606,"comment_status":"open","ping_status":"open","sticky":false,"template":"","format":"standard","meta":{"footnotes":""},"categories":[14,32],"tags":[303],"class_list":["post-19605","post","type-post","status-publish","format-standard","has-post-thumbnail","hentry","category-articulistas","category-recorrido-por-la-region","tag-jose-neira-rey"],"_links":{"self":[{"href":"https:\/\/contraluzcucuta.co\/index.php?rest_route=\/wp\/v2\/posts\/19605","targetHints":{"allow":["GET"]}}],"collection":[{"href":"https:\/\/contraluzcucuta.co\/index.php?rest_route=\/wp\/v2\/posts"}],"about":[{"href":"https:\/\/contraluzcucuta.co\/index.php?rest_route=\/wp\/v2\/types\/post"}],"author":[{"embeddable":true,"href":"https:\/\/contraluzcucuta.co\/index.php?rest_route=\/wp\/v2\/users\/1"}],"replies":[{"embeddable":true,"href":"https:\/\/contraluzcucuta.co\/index.php?rest_route=%2Fwp%2Fv2%2Fcomments&post=19605"}],"version-history":[{"count":2,"href":"https:\/\/contraluzcucuta.co\/index.php?rest_route=\/wp\/v2\/posts\/19605\/revisions"}],"predecessor-version":[{"id":19637,"href":"https:\/\/contraluzcucuta.co\/index.php?rest_route=\/wp\/v2\/posts\/19605\/revisions\/19637"}],"wp:featuredmedia":[{"embeddable":true,"href":"https:\/\/contraluzcucuta.co\/index.php?rest_route=\/wp\/v2\/media\/19606"}],"wp:attachment":[{"href":"https:\/\/contraluzcucuta.co\/index.php?rest_route=%2Fwp%2Fv2%2Fmedia&parent=19605"}],"wp:term":[{"taxonomy":"category","embeddable":true,"href":"https:\/\/contraluzcucuta.co\/index.php?rest_route=%2Fwp%2Fv2%2Fcategories&post=19605"},{"taxonomy":"post_tag","embeddable":true,"href":"https:\/\/contraluzcucuta.co\/index.php?rest_route=%2Fwp%2Fv2%2Ftags&post=19605"}],"curies":[{"name":"wp","href":"https:\/\/api.w.org\/{rel}","templated":true}]}}