{"id":19602,"date":"2013-10-04T21:47:26","date_gmt":"2013-10-05T02:47:26","guid":{"rendered":"http:\/\/contraluzcucuta.co\/?p=19602"},"modified":"2013-10-04T21:47:26","modified_gmt":"2013-10-05T02:47:26","slug":"las-inhabilidades-en-el-congreso-una-mascarada","status":"publish","type":"post","link":"https:\/\/contraluzcucuta.co\/?p=19602","title":{"rendered":"Las inhabilidades en el Congreso: una mascarada"},"content":{"rendered":"<p>El constituyente primario, que sencillamente es el pueblo,\u00a0 per\u00edodo tras per\u00edodo es \u00a0invitado, comprado o enga\u00f1ado para que con su voto un grupo adquieran la condici\u00f3n de honorables se\u00f1ores, quienes a nombre de la ciudadan\u00eda colombiana tienen la importante facultad para producir, reformar, abolir y sustentar \u00a0leyes en el Congreso Nacional, con las cuales se gobierna nuestro Estado Democr\u00e1tico.<\/p>\n<p>No se comprende,\u00a0 concibe, admite, ni mucho menos acepta de\u00a0 voceros que pregonan ser los verdaderos defensores de la comunidad cuando se trata de defenderle sus derechos, se a\u00edslen, escondan, eludan o se declaren impedidos e\u00a0 inhabilitados para legislar a favor de la totalidad de colombianos, como sucede con la revisi\u00f3n \u00a0de la salud. Ese derecho fundamental\u00a0 que cobija absolutamente a todos y con lo cual no se beneficia el Gobierno, ni al Presidente de la Rep\u00fablica, ni mucho menos a \u00a0alg\u00fan partido pol\u00edtico en especial, s\u00f3lo y absolutamente es al pueblo colombiano, sin distingo de clases y estratos, porque en una u otra forma todos estamos vinculados a \u00a0ese abominable r\u00e9gimen,\u00a0 que nos\u00a0 impone la nefasta Ley 100.<\/p>\n<p>Se presume que al buscar atajos, justificaciones, excusas y dem\u00e1s esguinces que los honorables padres de la patria presentan como mampara para eludir y encarar su responsabilidad con la salud colombiana, no es otro que simples y llanos intereses de orden econ\u00f3mico, porque supuestamente pertenecen a \u00a0toda una red \u00a0existente, organizada para esquilmar presupuestos p\u00fablicos,\u00a0 asignados en beneficio de la salubridad en general, que independientemente su legalidad, no es \u00e9tica. Esta ser\u00eda la\u00a0 \u00fanica forma de explicar ese comportamiento sinuoso que ha tra\u00eddo toda una andanada de cr\u00edticas y comentarios entre la ciudadan\u00eda y en los\u00a0 medios de comunicaci\u00f3n.<\/p>\n<p>Entendemos que debe existir un reglamento interno para la operatividad y el funcionamiento en el Congreso, el cual, seguramente, es el soporte para justificar un sinn\u00famero de inhabilidades, reales o prefabricadas. Ser\u00eda bueno, ahora que tenemos Presidente y Vicepresidente en el m\u00e1ximo organismo, entraran sin miramiento a revisar ese reglamento, seguramente, a\u00f1oso y desueto, en el que sea obligatorio votar responsablemente todo Proyecto de Ley. \u00a0\u00a0Quien por asuntos \u00e9ticos, legales, administrativos o de cualquier \u00edndole, tuviera alg\u00fan impedimento, votar\u00eda en blanco, pero necesariamente se expresar\u00eda.<\/p>\n<p>Por todo lo anterior, generalmente, se cree que toda la parafernalia en torno a la revisi\u00f3n a la ley \u00a0de la salud es simplemente una mascarada. Recordemos\u00a0 que los indignados cada d\u00eda son m\u00e1s y exigen tambi\u00e9n m\u00e1s trasparencia.<\/p>\n<p><b>CIRO A. RAM\u00cdREZ D\u00c1VILA<\/b><\/p>\n<p><a href=\"mailto:cardagro60@hotmail.com\">cardagro60@hotmail.com<\/a><\/p>\n<p>&nbsp; <\/p>\n","protected":false},"excerpt":{"rendered":"<p>El constituyente primario, que sencillamente es el pueblo,\u00a0 per\u00edodo tras per\u00edodo es \u00a0invitado, comprado o enga\u00f1ado para que con su voto un grupo adquieran la condici\u00f3n de honorables se\u00f1ores, quienes a nombre de la ciudadan\u00eda colombiana tienen la importante facultad para producir, reformar, abolir y sustentar \u00a0leyes en el Congreso Nacional, con las cuales se &hellip;<\/p>\n","protected":false},"author":1,"featured_media":19603,"comment_status":"open","ping_status":"open","sticky":false,"template":"","format":"standard","meta":{"footnotes":""},"categories":[14,4],"tags":[360,806],"class_list":["post-19602","post","type-post","status-publish","format-standard","has-post-thumbnail","hentry","category-articulistas","category-barra","tag-ciro-ramirez","tag-congreso-de-la-republica"],"_links":{"self":[{"href":"https:\/\/contraluzcucuta.co\/index.php?rest_route=\/wp\/v2\/posts\/19602","targetHints":{"allow":["GET"]}}],"collection":[{"href":"https:\/\/contraluzcucuta.co\/index.php?rest_route=\/wp\/v2\/posts"}],"about":[{"href":"https:\/\/contraluzcucuta.co\/index.php?rest_route=\/wp\/v2\/types\/post"}],"author":[{"embeddable":true,"href":"https:\/\/contraluzcucuta.co\/index.php?rest_route=\/wp\/v2\/users\/1"}],"replies":[{"embeddable":true,"href":"https:\/\/contraluzcucuta.co\/index.php?rest_route=%2Fwp%2Fv2%2Fcomments&post=19602"}],"version-history":[{"count":1,"href":"https:\/\/contraluzcucuta.co\/index.php?rest_route=\/wp\/v2\/posts\/19602\/revisions"}],"predecessor-version":[{"id":19604,"href":"https:\/\/contraluzcucuta.co\/index.php?rest_route=\/wp\/v2\/posts\/19602\/revisions\/19604"}],"wp:featuredmedia":[{"embeddable":true,"href":"https:\/\/contraluzcucuta.co\/index.php?rest_route=\/wp\/v2\/media\/19603"}],"wp:attachment":[{"href":"https:\/\/contraluzcucuta.co\/index.php?rest_route=%2Fwp%2Fv2%2Fmedia&parent=19602"}],"wp:term":[{"taxonomy":"category","embeddable":true,"href":"https:\/\/contraluzcucuta.co\/index.php?rest_route=%2Fwp%2Fv2%2Fcategories&post=19602"},{"taxonomy":"post_tag","embeddable":true,"href":"https:\/\/contraluzcucuta.co\/index.php?rest_route=%2Fwp%2Fv2%2Ftags&post=19602"}],"curies":[{"name":"wp","href":"https:\/\/api.w.org\/{rel}","templated":true}]}}