{"id":19595,"date":"2013-10-04T20:36:26","date_gmt":"2013-10-05T01:36:26","guid":{"rendered":"http:\/\/contraluzcucuta.co\/?p=19595"},"modified":"2013-10-04T20:36:26","modified_gmt":"2013-10-05T01:36:26","slug":"fiesta-del-adulto-mayor-en-el-ecoparque","status":"publish","type":"post","link":"https:\/\/contraluzcucuta.co\/?p=19595","title":{"rendered":"Fiesta del Adulto Mayor en el Ecoparque"},"content":{"rendered":"<p><b>C\u00daCUTA.-<\/b> Abuelos de Villa del Rosario, Los Patios, C\u00facuta, El Zulia y San Cayetano acudieron a la cita programada por la Secretar\u00eda de Desarrollo Social del Departamento en el Ecoparque San Rafael, para conmemorar \u00a0una fecha especial.<\/p>\n<p>En la jornada hubo espacio para que cada adulto mayor tuviera acceso a charlas sobre estilos de vida saludable, regalos y rifas otorgados por la administraci\u00f3n departamental. Tambi\u00e9n, contaron con acompa\u00f1amiento jur\u00eddico para interponer quejas ante las entidades de salud.<\/p>\n<p>La Gobernaci\u00f3n trabaja con este grupo poblacional y entrega ayudas t\u00e9cnicas, entre las que se cuentan bastones, muletas, sillas de ruedas y caminadores.<\/p>\n<p>Sic\u00f3logos, abogados, terapeutas, nutricionistas y m\u00e9dicos ofrecieron \u00a0atenci\u00f3n integral para mejorar la condici\u00f3n de vida.<\/p>\n<p>Algunos centros de Bienestar del Adulto Mayor han recibido sillas, mesas, juegos did\u00e1cticos y kits deportivos (sudaderas) para que las asociaciones organicen actividades para mejoramiento de la salud.<\/p>\n<p>Un compromiso para este a\u00f1o, del gobierno departamental, es presentar y dejar aprobado el acto que contenga la Pol\u00edtica P\u00fablica de Envejecimiento y Vejez para lo cual se ha \u00a0solicitado apoyo de los alcaldes y los enlaces.<\/p>\n<p>\u201cPara nosotros esta jornada es el momento para compartir un rato muy ameno con personas especiales para todos. Aqu\u00ed hay concentrado saberes, experiencias y consejos que solo se obtienen al vivir,\u201d expres\u00f3 Rafael C\u00e1ceres N\u00fa\u00f1ez, secretario de Desarrollo Social.<\/p>\n<p>&nbsp; <\/p>\n","protected":false},"excerpt":{"rendered":"<p>C\u00daCUTA.- Abuelos de Villa del Rosario, Los Patios, C\u00facuta, El Zulia y San Cayetano acudieron a la cita programada por la Secretar\u00eda de Desarrollo Social del Departamento en el Ecoparque San Rafael, para conmemorar \u00a0una fecha especial. En la jornada hubo espacio para que cada adulto mayor tuviera acceso a charlas sobre estilos de vida &hellip;<\/p>\n","protected":false},"author":1,"featured_media":19597,"comment_status":"open","ping_status":"open","sticky":false,"template":"","format":"standard","meta":{"footnotes":""},"categories":[36],"tags":[929,930],"class_list":["post-19595","post","type-post","status-publish","format-standard","has-post-thumbnail","hentry","category-la-voz-del-pueblo","tag-adulto-mayor","tag-ecoparque"],"_links":{"self":[{"href":"https:\/\/contraluzcucuta.co\/index.php?rest_route=\/wp\/v2\/posts\/19595","targetHints":{"allow":["GET"]}}],"collection":[{"href":"https:\/\/contraluzcucuta.co\/index.php?rest_route=\/wp\/v2\/posts"}],"about":[{"href":"https:\/\/contraluzcucuta.co\/index.php?rest_route=\/wp\/v2\/types\/post"}],"author":[{"embeddable":true,"href":"https:\/\/contraluzcucuta.co\/index.php?rest_route=\/wp\/v2\/users\/1"}],"replies":[{"embeddable":true,"href":"https:\/\/contraluzcucuta.co\/index.php?rest_route=%2Fwp%2Fv2%2Fcomments&post=19595"}],"version-history":[{"count":1,"href":"https:\/\/contraluzcucuta.co\/index.php?rest_route=\/wp\/v2\/posts\/19595\/revisions"}],"predecessor-version":[{"id":19598,"href":"https:\/\/contraluzcucuta.co\/index.php?rest_route=\/wp\/v2\/posts\/19595\/revisions\/19598"}],"wp:featuredmedia":[{"embeddable":true,"href":"https:\/\/contraluzcucuta.co\/index.php?rest_route=\/wp\/v2\/media\/19597"}],"wp:attachment":[{"href":"https:\/\/contraluzcucuta.co\/index.php?rest_route=%2Fwp%2Fv2%2Fmedia&parent=19595"}],"wp:term":[{"taxonomy":"category","embeddable":true,"href":"https:\/\/contraluzcucuta.co\/index.php?rest_route=%2Fwp%2Fv2%2Fcategories&post=19595"},{"taxonomy":"post_tag","embeddable":true,"href":"https:\/\/contraluzcucuta.co\/index.php?rest_route=%2Fwp%2Fv2%2Ftags&post=19595"}],"curies":[{"name":"wp","href":"https:\/\/api.w.org\/{rel}","templated":true}]}}