{"id":19577,"date":"2013-10-02T21:25:00","date_gmt":"2013-10-03T02:25:00","guid":{"rendered":"http:\/\/contraluzcucuta.co\/?p=19577"},"modified":"2013-10-02T21:25:00","modified_gmt":"2013-10-03T02:25:00","slug":"festival-teatral-del-sol","status":"publish","type":"post","link":"https:\/\/contraluzcucuta.co\/?p=19577","title":{"rendered":"Festival Teatral del Sol"},"content":{"rendered":"<p><b>C\u00daCUTA.-<\/b> Norte de Santander disfruta con las actividades culturales y los festivales dedicados a los ni\u00f1os de la frontera colombo-venezolana. Esta vez la diversi\u00f3n estar\u00e1 por cuenta de la Fundaci\u00f3n Teatral El Quijote, de Adriana Toro.<\/p>\n<p>De 4l 14 de octubre, los ni\u00f1os de C\u00facuta, Villa del Rosario y Los Patios disfrutar\u00e1n con el primer Festival Teatral del Sol, apoyado por el Ministerio de Cultura y la Gobernaci\u00f3n de Norte de Santander, que se unen con el fin de proyectar al departamento desde lo art\u00edstico, teatral, tur\u00edstico y recreativo.<\/p>\n<p>En esta primera versi\u00f3n se contar\u00e1 con la participaci\u00f3n de los grupos de la regi\u00f3n Artes del Cuerpo (Villa del Rosario), Teatro Ra\u00edces, Sue\u00f1os e Ilusiones (Corporacion Mudarte), Fundaci\u00f3n Crearte y Destro Teatral, por C\u00facuta; \u00a0Incubexi\u00f3n (Piedecuesta \u2013 Santander) y el Preg\u00f3n (Bogot\u00e1), y\u00a0 Ciane (Caracas), El Tabl\u00f3n del Tachira y Teatro del Or\u00e1culo (San Cristobal).<\/p>\n<p>El objetivo es fortalecer las artes esc\u00e9nicas de los grupos regionales, llevar cultura teatral\u00a0 a la poblaci\u00f3n infantil en estado de vulnerabilidad, incentivar nuevas expresiones de uni\u00f3n\u00a0 familiar, promover el progreso y el rescate de expresiones art\u00edsticas, generar identidad y sentido de pertenencia por la regi\u00f3n, e integrar a los artistas de la frontera.<\/p>\n<p>&nbsp;<\/p>\n<p>&nbsp; <\/p>\n","protected":false},"excerpt":{"rendered":"<p>C\u00daCUTA.- Norte de Santander disfruta con las actividades culturales y los festivales dedicados a los ni\u00f1os de la frontera colombo-venezolana. Esta vez la diversi\u00f3n estar\u00e1 por cuenta de la Fundaci\u00f3n Teatral El Quijote, de Adriana Toro. De 4l 14 de octubre, los ni\u00f1os de C\u00facuta, Villa del Rosario y Los Patios disfrutar\u00e1n con el primer &hellip;<\/p>\n","protected":false},"author":1,"featured_media":19578,"comment_status":"open","ping_status":"open","sticky":false,"template":"","format":"standard","meta":{"footnotes":""},"categories":[45,37],"tags":[927],"class_list":["post-19577","post","type-post","status-publish","format-standard","has-post-thumbnail","hentry","category-destacado","category-paseo-cultural","tag-festival-teatral-del-sol"],"_links":{"self":[{"href":"https:\/\/contraluzcucuta.co\/index.php?rest_route=\/wp\/v2\/posts\/19577","targetHints":{"allow":["GET"]}}],"collection":[{"href":"https:\/\/contraluzcucuta.co\/index.php?rest_route=\/wp\/v2\/posts"}],"about":[{"href":"https:\/\/contraluzcucuta.co\/index.php?rest_route=\/wp\/v2\/types\/post"}],"author":[{"embeddable":true,"href":"https:\/\/contraluzcucuta.co\/index.php?rest_route=\/wp\/v2\/users\/1"}],"replies":[{"embeddable":true,"href":"https:\/\/contraluzcucuta.co\/index.php?rest_route=%2Fwp%2Fv2%2Fcomments&post=19577"}],"version-history":[{"count":1,"href":"https:\/\/contraluzcucuta.co\/index.php?rest_route=\/wp\/v2\/posts\/19577\/revisions"}],"predecessor-version":[{"id":19579,"href":"https:\/\/contraluzcucuta.co\/index.php?rest_route=\/wp\/v2\/posts\/19577\/revisions\/19579"}],"wp:featuredmedia":[{"embeddable":true,"href":"https:\/\/contraluzcucuta.co\/index.php?rest_route=\/wp\/v2\/media\/19578"}],"wp:attachment":[{"href":"https:\/\/contraluzcucuta.co\/index.php?rest_route=%2Fwp%2Fv2%2Fmedia&parent=19577"}],"wp:term":[{"taxonomy":"category","embeddable":true,"href":"https:\/\/contraluzcucuta.co\/index.php?rest_route=%2Fwp%2Fv2%2Fcategories&post=19577"},{"taxonomy":"post_tag","embeddable":true,"href":"https:\/\/contraluzcucuta.co\/index.php?rest_route=%2Fwp%2Fv2%2Ftags&post=19577"}],"curies":[{"name":"wp","href":"https:\/\/api.w.org\/{rel}","templated":true}]}}