{"id":19570,"date":"2013-10-02T20:05:00","date_gmt":"2013-10-03T01:05:00","guid":{"rendered":"http:\/\/contraluzcucuta.co\/?p=19570"},"modified":"2013-10-02T20:05:00","modified_gmt":"2013-10-03T01:05:00","slug":"el-catatumbo-pausa-tecnica-en-la-mesa-de-interlocucion-y-acuerdo","status":"publish","type":"post","link":"https:\/\/contraluzcucuta.co\/?p=19570","title":{"rendered":"El Catatumbo. Pausa t\u00e9cnica en la Mesa de Interlocuci\u00f3n y Acuerdo"},"content":{"rendered":"<p><b>C\u00daCUTA.-<\/b> La Mesa de Interlocuci\u00f3n y Acuerdo para conversaciones de El Catatumbo entr\u00f3 en una \u2018pausa t\u00e9cnica\u2019, luego de la reuni\u00f3n entre representantes de la Asociaci\u00f3n de Campesinos del Catatumbo (Ascamcat) y los voceros del Gobierno.<\/p>\n<p>El descanso en los encuentros servir\u00e1 para retomar los di\u00e1logos y buscar salidas oportunas para el pliego de peticiones establecido. Las conversaciones comenzaron luego del levantamiento del bloqueo por m\u00e1s de 50 d\u00edas a las v\u00edas que conducen de C\u00facuta a Tib\u00fa.<\/p>\n<p>La decisi\u00f3n se aprovechar\u00e1 para generar una pausa en los di\u00e1logos y convocar la Mesa con los garantes del alto nivel que facilitaron la instalaci\u00f3n, de tal manera que se avance en la metodolog\u00eda para analizar los puntos restantes.<\/p>\n<p>El gobernador Edgar D\u00edaz manifest\u00f3 la pausa no debe generar intranquilidad en el pueblo de Norte de Santander, porque no se trata de la ruptura de las conversaciones entre las partes, sino de un receso t\u00e9cnico.<\/p>\n<p>Por medio de un comunicado de prensa, los voceros campesinos reiteraron la intenci\u00f3n de permanecer en la Mesa de manera indefinida. Se\u00f1alaron que no se parar\u00e1n hasta llegar a acuerdos relacionados con el pliego de exigencias y en cumplimiento del mandato dado por el campesinado en el encuentro de productores y recolectores de hoja de coca, del primero de septiembre en El Tarra.<\/p>\n<p>La regi\u00f3n de El Catatumbo (Norte de Santander), en el nororiente del pa\u00eds, est\u00e1 conformada por \u00c1brego, Convenci\u00f3n, El Carmen, El Tarra, Hacar\u00ed, La Playa, Oca\u00f1a, San Calixto, Sardinata, Teorama y Tib\u00fa, aproximadamente, el 50 por ciento del territorio departamental.<\/p>\n<p>La regi\u00f3n tiene una riqueza incalculable e invaluable en recursos naturales, forestales, faun\u00edsticos, h\u00eddricos y minerales, entre los que predominan el petr\u00f3leo y el carb\u00f3n.<\/p>\n<p>C\u00e9sar J\u00e9rez, l\u00edder de Ascamcat, explic\u00f3 que \u201cel Gobierno debe hacer las destinaciones presupuestales que empiecen a desempantanar esta situaci\u00f3n y sobre todo tome medidas de urgencia para El Catatumbo, pues esta y las otras movilizaciones en el pa\u00eds solo se solucionan con pol\u00edtica p\u00fablica e inversi\u00f3n social.\u201d<\/p>\n<p>Desde que iniciaron las conversaciones en la capital nortesantandereana, Gobierno y Ascamcat han llegado a un acuerdo de los 13 puntos que definieron en la agenda conjunta al inicio de los acercamientos y que consiste en la reparaci\u00f3n de 400 familias afectadas por la erradicaci\u00f3n de cultivos il\u00edcitos.<\/p>\n<p>&nbsp; <\/p>\n","protected":false},"excerpt":{"rendered":"<p>C\u00daCUTA.- La Mesa de Interlocuci\u00f3n y Acuerdo para conversaciones de El Catatumbo entr\u00f3 en una \u2018pausa t\u00e9cnica\u2019, luego de la reuni\u00f3n entre representantes de la Asociaci\u00f3n de Campesinos del Catatumbo (Ascamcat) y los voceros del Gobierno. El descanso en los encuentros servir\u00e1 para retomar los di\u00e1logos y buscar salidas oportunas para el pliego de peticiones &hellip;<\/p>\n","protected":false},"author":1,"featured_media":19571,"comment_status":"open","ping_status":"open","sticky":false,"template":"","format":"standard","meta":{"footnotes":""},"categories":[556,4],"tags":[710],"class_list":["post-19570","post","type-post","status-publish","format-standard","has-post-thumbnail","hentry","category-departamento","category-barra","tag-crisis-en-el-catatumbo"],"_links":{"self":[{"href":"https:\/\/contraluzcucuta.co\/index.php?rest_route=\/wp\/v2\/posts\/19570","targetHints":{"allow":["GET"]}}],"collection":[{"href":"https:\/\/contraluzcucuta.co\/index.php?rest_route=\/wp\/v2\/posts"}],"about":[{"href":"https:\/\/contraluzcucuta.co\/index.php?rest_route=\/wp\/v2\/types\/post"}],"author":[{"embeddable":true,"href":"https:\/\/contraluzcucuta.co\/index.php?rest_route=\/wp\/v2\/users\/1"}],"replies":[{"embeddable":true,"href":"https:\/\/contraluzcucuta.co\/index.php?rest_route=%2Fwp%2Fv2%2Fcomments&post=19570"}],"version-history":[{"count":1,"href":"https:\/\/contraluzcucuta.co\/index.php?rest_route=\/wp\/v2\/posts\/19570\/revisions"}],"predecessor-version":[{"id":19572,"href":"https:\/\/contraluzcucuta.co\/index.php?rest_route=\/wp\/v2\/posts\/19570\/revisions\/19572"}],"wp:featuredmedia":[{"embeddable":true,"href":"https:\/\/contraluzcucuta.co\/index.php?rest_route=\/wp\/v2\/media\/19571"}],"wp:attachment":[{"href":"https:\/\/contraluzcucuta.co\/index.php?rest_route=%2Fwp%2Fv2%2Fmedia&parent=19570"}],"wp:term":[{"taxonomy":"category","embeddable":true,"href":"https:\/\/contraluzcucuta.co\/index.php?rest_route=%2Fwp%2Fv2%2Fcategories&post=19570"},{"taxonomy":"post_tag","embeddable":true,"href":"https:\/\/contraluzcucuta.co\/index.php?rest_route=%2Fwp%2Fv2%2Ftags&post=19570"}],"curies":[{"name":"wp","href":"https:\/\/api.w.org\/{rel}","templated":true}]}}