{"id":19567,"date":"2013-10-02T19:40:44","date_gmt":"2013-10-03T00:40:44","guid":{"rendered":"http:\/\/contraluzcucuta.co\/?p=19567"},"modified":"2013-10-02T19:40:44","modified_gmt":"2013-10-03T00:40:44","slug":"867-familias-desplazadas-tienen-casas-gratis","status":"publish","type":"post","link":"https:\/\/contraluzcucuta.co\/?p=19567","title":{"rendered":"867 familias desplazadas tienen casas gratis"},"content":{"rendered":"<p><b>C\u00daCUTA.-<\/b> Jorge Enrique Mart\u00ednez, ese mi\u00e9rcoles, madrug\u00f3 m\u00e1s de lo acostumbrado. Le ech\u00f3 una mentira a la barriga, se lav\u00f3 la cara, se ajust\u00f3 los zapatos y se llev\u00f3 a Doki, su perro, por temor a que lo envenenen. No ten\u00eda \u00a0para el trasporte y camin\u00f3 desde el barrio 7 de Agosto, en la ciudadela Juan Atalaya, hasta el colegio Municipal de Bachillerato para participar, con otras 1728 familias cucute\u00f1as en condici\u00f3n de desplazamiento, en el sorteo de 867 viviendas gratuitas.<\/p>\n<p>Doki no tiene pedigr\u00ed, es blanco y el abundante pelo est\u00e1 sucio. Su amo paga arriendo y vive de la caridad. Lo han operado en varias ocasiones de hernias\u00a0 y otras enfermedades que lo aquejan y lo limitan f\u00edsicamente. La esposa y los hijos est\u00e1n regados entre Cali y C\u00facuta. El inverno del 2010 les quit\u00f3 lo poco que ten\u00edan. Jorge afront\u00f3 la situaci\u00f3n de desprotecci\u00f3n y decidi\u00f3 quedarse a vivir en medio de\u00a0 cuatro palos envueltos en yute verde.<\/p>\n<p>Hombre y perro salieron del rancho pre\u00f1ados de ilusiones. Jorge guard\u00f3 hasta \u00faltimo momento la esperanza de tener techo propio. No comparti\u00f3 \u00a0el anhelo con ning\u00fan miembro de la familia para luego no tener que despertarlos del sue\u00f1o que parec\u00eda inalcanzable.<\/p>\n<p>Los 1728 aspirantes a casa llegaron en compa\u00f1\u00eda de la familia y olvidaron por un momento el episodio doloroso del desplazamiento. Cada balota sacada de la t\u00f3mbola produjo instantes de angustia, que los ganadores cambiaban por saltos de alegr\u00eda al escuchar el n\u00famero asignado.<\/p>\n<p>La Ciudadela El Rodeo contar\u00e1 con 44 bloques de 20 apartamentos, en un \u00e1rea de 41,05 metros cuadrados. Los proyectos tendr\u00e1n el urbanismo por parte de la Alcald\u00eda de C\u00facuta.<\/p>\n<p>El asistente del Departamento de la Prosperidad Social (DPS), el mismo que por tres a\u00f1os \u00a0lo visit\u00f3 en el humilde rancho, anunci\u00f3 el n\u00famero que ten\u00eda en la mano. A partir de ese momento solo tuvo una preocupaci\u00f3n, conseguir $ 200 para llamar a la esposa y contarle que tienen casa.<\/p>\n<p>Los que no resultaron favorecidos escucharon una promesa oficial. \u201cAntes de febrero estar\u00e1n construidas las 3300 viviendas del Ministerio de Vivienda, Ciudad y Territorio\u201d. Lo dijo el alcalde Donamaris Ram\u00edrez, quien estuvo acompa\u00f1ado por la gerenta de Metrovivienda, Luz Karime Coronel, y representantes del Departamento de la Prosperidad Social, la Personer\u00eda y el Ministerio de Vivienda.<\/p>\n<p>En C\u00facuta, a estas acciones en favor de los destechados se suman los 4500 mejoramientos de vivienda que se har\u00e1n antes de febrero. Cada obra\u00a0 costar\u00e1 $ 5,5 millones, que suman $ 22.000 millones para el desarrollo de la pol\u00edtica integral del municipio.<\/p>\n<p>El proceso licitatorio permitir\u00e1 el inicio de la pavimentaci\u00f3n de v\u00edas, la instalaci\u00f3n de luminarias en calles y avenidas, la construcci\u00f3n de centros de atenci\u00f3n integral infantil de 0 a 5 a\u00f1os y el tendido de tuber\u00eda para el gas domiciliario. \u201cHay un gran desarrollo integral para este sector\u201d, se\u00f1alo el Alcalde.<\/p>\n<p>Jorge Enrique Mart\u00ednez no consigui\u00f3 la moneda y emprendi\u00f3 el regreso a pie hasta el barrio 7 de Agosto, siempre acompa\u00f1ado por el fiel Doki. Los kil\u00f3metros que lo separaban de la familia no se har\u00edan largos. En la mente rondaba la cita del 3 de octubre, a las 8:00 de la ma\u00f1ana, en el mismo coliseo, para recibir la vivienda.<\/p>\n<p>&nbsp; <\/p>\n","protected":false},"excerpt":{"rendered":"<p>C\u00daCUTA.- Jorge Enrique Mart\u00ednez, ese mi\u00e9rcoles, madrug\u00f3 m\u00e1s de lo acostumbrado. Le ech\u00f3 una mentira a la barriga, se lav\u00f3 la cara, se ajust\u00f3 los zapatos y se llev\u00f3 a Doki, su perro, por temor a que lo envenenen. No ten\u00eda \u00a0para el trasporte y camin\u00f3 desde el barrio 7 de Agosto, en la ciudadela &hellip;<\/p>\n","protected":false},"author":1,"featured_media":19568,"comment_status":"open","ping_status":"open","sticky":false,"template":"","format":"standard","meta":{"footnotes":""},"categories":[4,5],"tags":[926],"class_list":["post-19567","post","type-post","status-publish","format-standard","has-post-thumbnail","hentry","category-barra","category-justicia-transicional","tag-familias-desplazadas"],"_links":{"self":[{"href":"https:\/\/contraluzcucuta.co\/index.php?rest_route=\/wp\/v2\/posts\/19567","targetHints":{"allow":["GET"]}}],"collection":[{"href":"https:\/\/contraluzcucuta.co\/index.php?rest_route=\/wp\/v2\/posts"}],"about":[{"href":"https:\/\/contraluzcucuta.co\/index.php?rest_route=\/wp\/v2\/types\/post"}],"author":[{"embeddable":true,"href":"https:\/\/contraluzcucuta.co\/index.php?rest_route=\/wp\/v2\/users\/1"}],"replies":[{"embeddable":true,"href":"https:\/\/contraluzcucuta.co\/index.php?rest_route=%2Fwp%2Fv2%2Fcomments&post=19567"}],"version-history":[{"count":1,"href":"https:\/\/contraluzcucuta.co\/index.php?rest_route=\/wp\/v2\/posts\/19567\/revisions"}],"predecessor-version":[{"id":19569,"href":"https:\/\/contraluzcucuta.co\/index.php?rest_route=\/wp\/v2\/posts\/19567\/revisions\/19569"}],"wp:featuredmedia":[{"embeddable":true,"href":"https:\/\/contraluzcucuta.co\/index.php?rest_route=\/wp\/v2\/media\/19568"}],"wp:attachment":[{"href":"https:\/\/contraluzcucuta.co\/index.php?rest_route=%2Fwp%2Fv2%2Fmedia&parent=19567"}],"wp:term":[{"taxonomy":"category","embeddable":true,"href":"https:\/\/contraluzcucuta.co\/index.php?rest_route=%2Fwp%2Fv2%2Fcategories&post=19567"},{"taxonomy":"post_tag","embeddable":true,"href":"https:\/\/contraluzcucuta.co\/index.php?rest_route=%2Fwp%2Fv2%2Ftags&post=19567"}],"curies":[{"name":"wp","href":"https:\/\/api.w.org\/{rel}","templated":true}]}}