{"id":19551,"date":"2013-09-30T20:24:14","date_gmt":"2013-10-01T01:24:14","guid":{"rendered":"http:\/\/contraluzcucuta.co\/?p=19551"},"modified":"2013-09-30T20:24:14","modified_gmt":"2013-10-01T01:24:14","slug":"179-planteles-de-norte-de-santander-reciben-mobiliario","status":"publish","type":"post","link":"https:\/\/contraluzcucuta.co\/?p=19551","title":{"rendered":"179 planteles de Norte de Santander reciben mobiliario"},"content":{"rendered":"<p><b>C\u00daCUTA.-<\/b> Alcaldes, rectores y directores de 179 escuelas y colegios de Norte de Santander recibieron mobiliario escolar. El acto se cumpli\u00f3 en el parque de Los Naranjos, de la Gobernaci\u00f3n.<\/p>\n<p>La dotaci\u00f3n hace parte del proyecto \u2018Educaci\u00f3n, veh\u00edculo para el desarrollo\u2019, cuya finalidad es dar cumplimiento a la meta propuesta en el programa de gobierno para asegurar la permanencia en las aulas de los 116.000 estudiantes matriculados en el departamento.<\/p>\n<p>El mobiliario consta de 8470 sillas universitarias y 4479 mesas trapezoidales,\u00a0 con tres sillas cada una. Los beneficiados ser\u00e1n 21.650 estudiantes. La inversi\u00f3n asciende a los $ 2000 millones.<\/p>\n<p>Hace un mes, se entregaron a \u00a01400 sedes educativas de la zona rural 5000 cartillas de Escuela Nueva. El objetivo es mejorar la calidad de la educaci\u00f3n y brindarles a educadores y a estudiantes las herramientas necesarias para el aprendizaje.<\/p>\n<p>Las sillas y las mesas les garantizar\u00e1n a los ni\u00f1os de primaria y a j\u00f3venes de secundaria tener una mejor comodidad para recibir clases. La administraci\u00f3n departamental trabaja en un proyecto para llegar al mayor n\u00famero de sedes educativas con conectividad y computadores, para brindarles a los alumnos la posibilidad de participar en procesos investigativos y de calidad.<\/p>\n<p>Otra inversi\u00f3n de $ 1500 millones, favorecer\u00e1 con \u00a0estudios y dise\u00f1os a 300 sedes educativas, con el objeto de que en el 2014 reciban inversi\u00f3n en infraestructura educativa.<\/p>\n<p><b>Reacciones<\/b><\/p>\n<p>1.- Edgar D\u00edaz, gobernador<\/p>\n<p>En ese af\u00e1n de mejorar en lo que corresponde al entorno de la parte educativa, hemos querido entregar estas sillas universitarias y mesas trapezoidales, que les van a garantizar a los ni\u00f1os de primaria y j\u00f3venes de secundaria tener una mejor comodidad para recibir sus clases.<\/p>\n<p>2.- Ludy P\u00e1ez Ortega, secretaria de Educaci\u00f3n<\/p>\n<p>El Gobernador ha querido apuntarle en este cuatrienio a que la calidad de la educaci\u00f3n sea efectiva y es por ello que en anterior oportunidad se entregaron 5000 colecciones de cartillas de Escuela Nueva, que se repartieron en 1400 sedes educativas.<\/p>\n<p>3.- Dix\u00f3n Efrey Villamizar, alcalde de Chitag\u00e1<\/p>\n<p>Agradeci\u00f3 la entrega de las ayudas mobiliarias que benefician a los ni\u00f1os de por lo menos 30 escuelas del municipio y que era algo que se hab\u00eda sugerido hac\u00eda tiempo.<\/p>\n<p>4.- Carlos Julio Socha, alcalde de Villa del Rosario<\/p>\n<p>Se mostr\u00f3 complacido con las dotaciones que benefician a cinco sedes educativas a las que se les va a repartir las 450 sillas universitarias y 250 mesas\u00a0 trapezoidales y 750 sillas para las mesas, que se requer\u00edan.<\/p>\n<p>&nbsp; <\/p>\n","protected":false},"excerpt":{"rendered":"<p>C\u00daCUTA.- Alcaldes, rectores y directores de 179 escuelas y colegios de Norte de Santander recibieron mobiliario escolar. El acto se cumpli\u00f3 en el parque de Los Naranjos, de la Gobernaci\u00f3n. La dotaci\u00f3n hace parte del proyecto \u2018Educaci\u00f3n, veh\u00edculo para el desarrollo\u2019, cuya finalidad es dar cumplimiento a la meta propuesta en el programa de gobierno &hellip;<\/p>\n","protected":false},"author":1,"featured_media":19552,"comment_status":"open","ping_status":"open","sticky":false,"template":"","format":"standard","meta":{"footnotes":""},"categories":[32],"tags":[379],"class_list":["post-19551","post","type-post","status-publish","format-standard","has-post-thumbnail","hentry","category-recorrido-por-la-region","tag-gobernacion-de-norte-de-santander"],"_links":{"self":[{"href":"https:\/\/contraluzcucuta.co\/index.php?rest_route=\/wp\/v2\/posts\/19551","targetHints":{"allow":["GET"]}}],"collection":[{"href":"https:\/\/contraluzcucuta.co\/index.php?rest_route=\/wp\/v2\/posts"}],"about":[{"href":"https:\/\/contraluzcucuta.co\/index.php?rest_route=\/wp\/v2\/types\/post"}],"author":[{"embeddable":true,"href":"https:\/\/contraluzcucuta.co\/index.php?rest_route=\/wp\/v2\/users\/1"}],"replies":[{"embeddable":true,"href":"https:\/\/contraluzcucuta.co\/index.php?rest_route=%2Fwp%2Fv2%2Fcomments&post=19551"}],"version-history":[{"count":1,"href":"https:\/\/contraluzcucuta.co\/index.php?rest_route=\/wp\/v2\/posts\/19551\/revisions"}],"predecessor-version":[{"id":19553,"href":"https:\/\/contraluzcucuta.co\/index.php?rest_route=\/wp\/v2\/posts\/19551\/revisions\/19553"}],"wp:featuredmedia":[{"embeddable":true,"href":"https:\/\/contraluzcucuta.co\/index.php?rest_route=\/wp\/v2\/media\/19552"}],"wp:attachment":[{"href":"https:\/\/contraluzcucuta.co\/index.php?rest_route=%2Fwp%2Fv2%2Fmedia&parent=19551"}],"wp:term":[{"taxonomy":"category","embeddable":true,"href":"https:\/\/contraluzcucuta.co\/index.php?rest_route=%2Fwp%2Fv2%2Fcategories&post=19551"},{"taxonomy":"post_tag","embeddable":true,"href":"https:\/\/contraluzcucuta.co\/index.php?rest_route=%2Fwp%2Fv2%2Ftags&post=19551"}],"curies":[{"name":"wp","href":"https:\/\/api.w.org\/{rel}","templated":true}]}}