{"id":19548,"date":"2013-09-30T19:51:11","date_gmt":"2013-10-01T00:51:11","guid":{"rendered":"http:\/\/contraluzcucuta.co\/?p=19548"},"modified":"2013-09-30T19:51:11","modified_gmt":"2013-10-01T00:51:11","slug":"les-devolvere-la-calma-por-mi-madre-donamaris","status":"publish","type":"post","link":"https:\/\/contraluzcucuta.co\/?p=19548","title":{"rendered":"&#8220;Les devolver\u00e9 la calma, por mi madre&#8221;, Donamaris"},"content":{"rendered":"<p><b>PALMARITO \u2013 C\u00facuta.-<\/b> Luego solucionar\u00a0 un par de inconvenientes en la carretera que de C\u00facuta conduce a Puerto Santander, los habitantes de Palmarito,\u00a0 al menos por medio d\u00eda, caminaron las tres calles del corregimiento en medio de abrazos, risas y llanto.<\/p>\n<p>Los campesinos regresaron de C\u00facuta, a donde hab\u00eda huido la semana pasada en busca de respaldo oficial ante las constantes amenazas de las bandas criminales. Un bus de la Polic\u00eda los devolvi\u00f3 a la tierra que abandonaron por un momento para pasar adversidades en la ciudad.<\/p>\n<p>Las mascotas recibieron a los amos, los ladridos de los perros se sintieron hasta las veredas El Suspiro\u00a0 y 5 de Mayo, adonde algunos hombres tambi\u00e9n pudieron ir a reparar las casas. El alcalde Donamaris Ram\u00edrez y el gabinete llevaron hasta el poblado mercados y la esperanza de reencontrar la tranquilidad.<\/p>\n<p>Al retornar a C\u00facuta, el jefe del gobierno cucute\u00f1o dio parte de tranquilidad y llam\u00f3 a los moradores para que regresen de las veredas. &#8220;Les devolver\u00e9 la calma, por mi madre&#8221;, fue la promesa oficial, que espera cumplir con la presencia de escuadrones m\u00f3viles de carabineros.<\/p>\n<p>Veintid\u00f3s hombres fuertemente armados y patrullas del Ej\u00e9rcito vigilar\u00e1n las veredas apartadas. El corregimiento es azotado por la presencia de \u2018Los Rastrojos\u2019 y \u2018Los Urabe\u00f1os\u2019 que entraron en franca disputa por el comercio ilegal de la droga.<\/p>\n<p>Agentes de la Polic\u00eda Judicial tendr\u00e1n la misi\u00f3n de buscar antecedentes de los infractores de la ley para judicializarlos.<\/p>\n<p>&nbsp;<\/p>\n<p>&nbsp; <\/p>\n","protected":false},"excerpt":{"rendered":"<p>PALMARITO \u2013 C\u00facuta.- Luego solucionar\u00a0 un par de inconvenientes en la carretera que de C\u00facuta conduce a Puerto Santander, los habitantes de Palmarito,\u00a0 al menos por medio d\u00eda, caminaron las tres calles del corregimiento en medio de abrazos, risas y llanto. Los campesinos regresaron de C\u00facuta, a donde hab\u00eda huido la semana pasada en busca &hellip;<\/p>\n","protected":false},"author":1,"featured_media":19549,"comment_status":"open","ping_status":"open","sticky":false,"template":"","format":"standard","meta":{"footnotes":""},"categories":[541,4],"tags":[919],"class_list":["post-19548","post","type-post","status-publish","format-standard","has-post-thumbnail","hentry","category-ciudad","category-barra","tag-palmarito"],"_links":{"self":[{"href":"https:\/\/contraluzcucuta.co\/index.php?rest_route=\/wp\/v2\/posts\/19548","targetHints":{"allow":["GET"]}}],"collection":[{"href":"https:\/\/contraluzcucuta.co\/index.php?rest_route=\/wp\/v2\/posts"}],"about":[{"href":"https:\/\/contraluzcucuta.co\/index.php?rest_route=\/wp\/v2\/types\/post"}],"author":[{"embeddable":true,"href":"https:\/\/contraluzcucuta.co\/index.php?rest_route=\/wp\/v2\/users\/1"}],"replies":[{"embeddable":true,"href":"https:\/\/contraluzcucuta.co\/index.php?rest_route=%2Fwp%2Fv2%2Fcomments&post=19548"}],"version-history":[{"count":1,"href":"https:\/\/contraluzcucuta.co\/index.php?rest_route=\/wp\/v2\/posts\/19548\/revisions"}],"predecessor-version":[{"id":19550,"href":"https:\/\/contraluzcucuta.co\/index.php?rest_route=\/wp\/v2\/posts\/19548\/revisions\/19550"}],"wp:featuredmedia":[{"embeddable":true,"href":"https:\/\/contraluzcucuta.co\/index.php?rest_route=\/wp\/v2\/media\/19549"}],"wp:attachment":[{"href":"https:\/\/contraluzcucuta.co\/index.php?rest_route=%2Fwp%2Fv2%2Fmedia&parent=19548"}],"wp:term":[{"taxonomy":"category","embeddable":true,"href":"https:\/\/contraluzcucuta.co\/index.php?rest_route=%2Fwp%2Fv2%2Fcategories&post=19548"},{"taxonomy":"post_tag","embeddable":true,"href":"https:\/\/contraluzcucuta.co\/index.php?rest_route=%2Fwp%2Fv2%2Ftags&post=19548"}],"curies":[{"name":"wp","href":"https:\/\/api.w.org\/{rel}","templated":true}]}}