{"id":19545,"date":"2013-09-30T19:47:59","date_gmt":"2013-10-01T00:47:59","guid":{"rendered":"http:\/\/contraluzcucuta.co\/?p=19545"},"modified":"2013-09-30T19:47:59","modified_gmt":"2013-10-01T00:47:59","slug":"gobierno-cucuteno-mira-hacia-palmarito","status":"publish","type":"post","link":"https:\/\/contraluzcucuta.co\/?p=19545","title":{"rendered":"Gobierno cucute\u00f1o mira hacia Palmarito"},"content":{"rendered":"<p><b>C\u00daCUTA.-<\/b> Inversi\u00f3n en educaci\u00f3n, salud, v\u00edas, acueducto, recreaci\u00f3n y deporte tendr\u00e1n el corregimiento Palmarito y las veredas. El anuncio lo hizo el alcalde Donamaris Ram\u00edrez en la visita que hizo, este 30 de septiembre, en compa\u00f1\u00eda del gabinete municipal, el Ej\u00e9rcito y la Polic\u00eda.<\/p>\n<p>Las propuestas hacen parte del Plan de Desarrollo del Municipio, con el que se busca mejorar las condiciones de vida y la seguridad de los habitantes del casco rural.<\/p>\n<p>El compromiso adquirido es intervenir en canchas de f\u00fatbol, de baloncesto y de microf\u00fatbol para promover la recreaci\u00f3n y el deporte en las veredas Monte Verde y El Suspiro.<\/p>\n<p>En el pueblo los recursos se destinar\u00e1n para la bater\u00eda sanitaria de la instituci\u00f3n educativa que est\u00e1 en dif\u00edcil condici\u00f3n y la remodelaci\u00f3n y readecuaci\u00f3n del parque para uso de la comunidad. Adem\u00e1s, habr\u00e1 respaldo para la Cooperativa de Madera.<\/p>\n<p>En el 2014, la administraci\u00f3n municipal comprar\u00e1 cinco plantas port\u00e1tiles de potabilizaci\u00f3n para mejorar el servicio de agua. Una quedar\u00e1 en Palmarito y las otras ser\u00e1n asignadas a otros corregimientos. Tambi\u00e9n se atender\u00e1 la red de carreteras.<\/p>\n<p>En materia de seguridad, 40 agentes del Escuadr\u00f3n M\u00f3vil de Carabineros y Seguridad Rural (Emcar) llegaron al corregimiento para brindarles tranquilidad a los habitantes de la zona. El grupo especial de la Polic\u00eda ser\u00e1 el encargado de\u00a0 la recuperar y consolidar la seguridad en los territorios rurales.<\/p>\n<p>En Palmarito hay un grupo permanente de contraguerrilla de la Polic\u00eda, funcionarios de la Polic\u00eda Judicial adscritos al Ej\u00e9rcito y un escuadr\u00f3n m\u00f3vil antidisturbios Esmad<\/p>\n<p>Ciento diez uniformados llegaron hace cuatro d\u00edas para combatir a las bandas criminales, los delincuentes y hacer labores conjuntas en las veredas. En el sector se han erradicado 100 hect\u00e1reas de cultivo de coca y permanentemente se adelantan operativos contra las bandas criminales.<\/p>\n<p>\u201c\u2019Los Rastrojos\u2019 ten\u00edan la hegemon\u00eda en esta jurisdicci\u00f3n y se ha detectado la presencia de \u2018Los Urabe\u00f1os\u2019 que quieren tomar el comercio ilegal de combustible y narcotr\u00e1fico\u201d, reconoci\u00f3 el alcalde Donamaris Ramirez.<\/p>\n<p>El general Marcolino Tamayo Tamayo, comandante de la Fuerza de Tarea Vulcano, anunci\u00f3 que en enero llegar\u00e1n 30 soldados, j\u00f3venes campesinos que custodiar\u00e1n la zona rural de la capital nortesantandereana. <\/p>\n","protected":false},"excerpt":{"rendered":"<p>C\u00daCUTA.- Inversi\u00f3n en educaci\u00f3n, salud, v\u00edas, acueducto, recreaci\u00f3n y deporte tendr\u00e1n el corregimiento Palmarito y las veredas. El anuncio lo hizo el alcalde Donamaris Ram\u00edrez en la visita que hizo, este 30 de septiembre, en compa\u00f1\u00eda del gabinete municipal, el Ej\u00e9rcito y la Polic\u00eda. Las propuestas hacen parte del Plan de Desarrollo del Municipio, con &hellip;<\/p>\n","protected":false},"author":1,"featured_media":19546,"comment_status":"open","ping_status":"open","sticky":false,"template":"","format":"standard","meta":{"footnotes":""},"categories":[541,4],"tags":[919],"class_list":["post-19545","post","type-post","status-publish","format-standard","has-post-thumbnail","hentry","category-ciudad","category-barra","tag-palmarito"],"_links":{"self":[{"href":"https:\/\/contraluzcucuta.co\/index.php?rest_route=\/wp\/v2\/posts\/19545","targetHints":{"allow":["GET"]}}],"collection":[{"href":"https:\/\/contraluzcucuta.co\/index.php?rest_route=\/wp\/v2\/posts"}],"about":[{"href":"https:\/\/contraluzcucuta.co\/index.php?rest_route=\/wp\/v2\/types\/post"}],"author":[{"embeddable":true,"href":"https:\/\/contraluzcucuta.co\/index.php?rest_route=\/wp\/v2\/users\/1"}],"replies":[{"embeddable":true,"href":"https:\/\/contraluzcucuta.co\/index.php?rest_route=%2Fwp%2Fv2%2Fcomments&post=19545"}],"version-history":[{"count":1,"href":"https:\/\/contraluzcucuta.co\/index.php?rest_route=\/wp\/v2\/posts\/19545\/revisions"}],"predecessor-version":[{"id":19547,"href":"https:\/\/contraluzcucuta.co\/index.php?rest_route=\/wp\/v2\/posts\/19545\/revisions\/19547"}],"wp:featuredmedia":[{"embeddable":true,"href":"https:\/\/contraluzcucuta.co\/index.php?rest_route=\/wp\/v2\/media\/19546"}],"wp:attachment":[{"href":"https:\/\/contraluzcucuta.co\/index.php?rest_route=%2Fwp%2Fv2%2Fmedia&parent=19545"}],"wp:term":[{"taxonomy":"category","embeddable":true,"href":"https:\/\/contraluzcucuta.co\/index.php?rest_route=%2Fwp%2Fv2%2Fcategories&post=19545"},{"taxonomy":"post_tag","embeddable":true,"href":"https:\/\/contraluzcucuta.co\/index.php?rest_route=%2Fwp%2Fv2%2Ftags&post=19545"}],"curies":[{"name":"wp","href":"https:\/\/api.w.org\/{rel}","templated":true}]}}