{"id":19539,"date":"2013-09-28T11:34:36","date_gmt":"2013-09-28T16:34:36","guid":{"rendered":"http:\/\/contraluzcucuta.co\/?p=19539"},"modified":"2013-09-28T11:34:36","modified_gmt":"2013-09-28T16:34:36","slug":"30-carabineros-cuidan-a-palmarito","status":"publish","type":"post","link":"https:\/\/contraluzcucuta.co\/?p=19539","title":{"rendered":"30 carabineros cuidan a Palmarito"},"content":{"rendered":"<p><b>C\u00daCUTA.-<\/b> Treinta hombres del Escuadr\u00f3n M\u00f3vil de Carabineros (Emcar), provenientes del Cesar, hacen presencia en el corregimiento Palmarito (C\u00facuta) para fortalecer la seguridad en esa zona rural fronteriza y \u00a0combatir a los grupos armados ilegales.<\/p>\n<p>La llegada de los uniformados capacitados y especializados para neutralizar el delinquir de las agrupaciones armadas ilegales, fue autorizada por la Direcci\u00f3n General de la Polic\u00eda. La gesti\u00f3n la cumpli\u00f3 el comando de la Polic\u00eda Metropolitana de C\u00facuta (Mecuc) para prevenir nuevos hechos criminales en ese sector del municipio.<\/p>\n<p>La labor que ejercer\u00e1n los agentes el tiempo que sea necesario tendr\u00e1 diferentes objetivos:<\/p>\n<p>1.- Ejercer control institucional en la zona<\/p>\n<p>2.- Permitir el \u00a0retorno de la normalidad<\/p>\n<p>3.- Identificar y neutralizar cualquier hecho derivado del delinquir de las bandas criminales<\/p>\n<p>4.- Tomar contacto con la comunidad con actividades de integraci\u00f3n que permitan fortalecer la presencia del Estado.<\/p>\n<p>La medida est\u00e1 acompa\u00f1ada de la ejecuci\u00f3n de acciones estrat\u00e9gicas conjuntas con la Alcald\u00eda de C\u00facuta, el Ej\u00e9rcito y la Fiscal\u00eda General de la Naci\u00f3n.<\/p>\n<p>Se espera que los habitantes del corregimiento, desplazados por la violencia hacia C\u00facuta, retornen a los hogares, se restablezca el orden p\u00fablico y se capture a los responsables de los hechos criminales ocurrido <\/p>\n","protected":false},"excerpt":{"rendered":"<p>C\u00daCUTA.- Treinta hombres del Escuadr\u00f3n M\u00f3vil de Carabineros (Emcar), provenientes del Cesar, hacen presencia en el corregimiento Palmarito (C\u00facuta) para fortalecer la seguridad en esa zona rural fronteriza y \u00a0combatir a los grupos armados ilegales. La llegada de los uniformados capacitados y especializados para neutralizar el delinquir de las agrupaciones armadas ilegales, fue autorizada por &hellip;<\/p>\n","protected":false},"author":1,"featured_media":19540,"comment_status":"open","ping_status":"open","sticky":false,"template":"","format":"standard","meta":{"footnotes":""},"categories":[11,4],"tags":[919,163],"class_list":["post-19539","post","type-post","status-publish","format-standard","has-post-thumbnail","hentry","category-cronica-roja","category-barra","tag-palmarito","tag-policia-metropolitana"],"_links":{"self":[{"href":"https:\/\/contraluzcucuta.co\/index.php?rest_route=\/wp\/v2\/posts\/19539","targetHints":{"allow":["GET"]}}],"collection":[{"href":"https:\/\/contraluzcucuta.co\/index.php?rest_route=\/wp\/v2\/posts"}],"about":[{"href":"https:\/\/contraluzcucuta.co\/index.php?rest_route=\/wp\/v2\/types\/post"}],"author":[{"embeddable":true,"href":"https:\/\/contraluzcucuta.co\/index.php?rest_route=\/wp\/v2\/users\/1"}],"replies":[{"embeddable":true,"href":"https:\/\/contraluzcucuta.co\/index.php?rest_route=%2Fwp%2Fv2%2Fcomments&post=19539"}],"version-history":[{"count":1,"href":"https:\/\/contraluzcucuta.co\/index.php?rest_route=\/wp\/v2\/posts\/19539\/revisions"}],"predecessor-version":[{"id":19541,"href":"https:\/\/contraluzcucuta.co\/index.php?rest_route=\/wp\/v2\/posts\/19539\/revisions\/19541"}],"wp:featuredmedia":[{"embeddable":true,"href":"https:\/\/contraluzcucuta.co\/index.php?rest_route=\/wp\/v2\/media\/19540"}],"wp:attachment":[{"href":"https:\/\/contraluzcucuta.co\/index.php?rest_route=%2Fwp%2Fv2%2Fmedia&parent=19539"}],"wp:term":[{"taxonomy":"category","embeddable":true,"href":"https:\/\/contraluzcucuta.co\/index.php?rest_route=%2Fwp%2Fv2%2Fcategories&post=19539"},{"taxonomy":"post_tag","embeddable":true,"href":"https:\/\/contraluzcucuta.co\/index.php?rest_route=%2Fwp%2Fv2%2Ftags&post=19539"}],"curies":[{"name":"wp","href":"https:\/\/api.w.org\/{rel}","templated":true}]}}