{"id":19530,"date":"2013-09-28T10:33:26","date_gmt":"2013-09-28T15:33:26","guid":{"rendered":"http:\/\/contraluzcucuta.co\/?p=19530"},"modified":"2013-09-28T10:33:26","modified_gmt":"2013-09-28T15:33:26","slug":"acciones-extraviadas","status":"publish","type":"post","link":"https:\/\/contraluzcucuta.co\/?p=19530","title":{"rendered":"Acciones extraviadas"},"content":{"rendered":"<p>1.- S\u00cd, el olvido, la indiferencia y la pasividad en el obrar siguen marcando las expectativas\u00a0 y el real ambiente dentro del contexto\u00a0 fronterizo binacional, porque todos sus caminos parece que condujeran a la nada, porque nadie de poder, mando, orientaci\u00f3n o gu\u00eda\u00a0 nacionales\u00a0 y con facultades\u00a0 para influir\u00a0 en el marco de\u00a0 las vivencias binacionales hace su aparici\u00f3n o anuncia su llegada.<\/p>\n<p>Todo es un continuo suspenso, porque todo se mantiene fijo, pero en el aire. Y no hay, ni espont\u00e1neos, que intenten superar este estado, porque\u00a0 hasta los que procuraban promover empe\u00f1os o buscar nuevas alternativas, se callaron\u00a0 o fueron borrados\u00a0 sus nombres de todo registro en un af\u00e1n claro, pero desmedido para que no se produzca ninguna alteraci\u00f3n y lo que se preserve y contin\u00fae la vivencia de lo in\u00fatil\u00a0 y el mantenimiento de quienes\u00a0 se contentan con registrar la inoperancia, el desd\u00e9n\u00a0\u00a0 y el abandono, sin que se nutra y aparezcan las pol\u00edticas de Estado que hacen falta.<\/p>\n<p>2.- Cuando, hace algunas d\u00e9cadas el ambiente comercial lo precisaban y motivaban personas de reconocido influjo venidas de muchas partes de Colombia, Venezuela y el mundo, todos calculaban y recib\u00edan\u00a0 sus pagos en monedas y sab\u00edan el real precio de cada fracci\u00f3n. Hoy no, porque la incertidumbre es permanente y la carencia de acercamientos y contactos \u00a0constantes\u00a0 no surgen con entusiasmo y vigor, porque hasta los avisos que pululan y certifican lo que ocurre son aquellos que anuncian entre calles y avenidas el se arrienda y se vende, como peligroso\u00a0 signo y se\u00f1al de soluciones que no se ven, ni se vislumbran al corto o mediano plazos.<\/p>\n<p>3.- Es tanta la indiferencia y desidia que\u00a0 pasa inadvertido que el agua de los r\u00edos \u00a0no es la misma, porque la fuerza y el vigor de los caudales se vinieron a menos. Y lo que empieza\u00a0 a hacer m\u00e1s incierta la esperanza es la falta de ese l\u00edquido incoloro y la poca o ninguna atenci\u00f3n de las autoridades y de los que integran la comisi\u00f3n de los que mandan, mientras se hace m\u00e1s intensa la capacidad lum\u00ednica del sol, que ahora\u00a0 se tom\u00f3 calles, avenidas y techos, aumentando el calor y el promedio en la temperatura.<\/p>\n<p>Pero eso a nadie\u00a0 pareciera interesar, porque los que debieran velar y entusiasmarse por lo real y trascendente no asumen, ni valoran y entienden el compromiso. S\u00ed, es esta la triste situaci\u00f3n y vivencia de una faja territorial \u2013de enorme y significativa importancia geopol\u00edtica y estrat\u00e9gica ubicaci\u00f3n \u2013 ahora relegada, abandonada, sin dolientes y con poco o disminuido coraz\u00f3n por la sinraz\u00f3n de no hacer nada para que nada pase, cambie o se trasforme. Y como si en lugar de exponer y proponer lo mejor fuera callar.<\/p>\n<p><b>JOS\u00c9 NEIRA\u00a0 REY<\/b><\/p>\n<p><b><a href=\"mailto:jneirarey@hotmail.com\">jneirarey@hotmail.com<\/a><\/b><\/p>\n<p><b>Notas al margen\u00a0\u00a0\u00a0\u00a0\u00a0\u00a0\u00a0\u00a0\u00a0\u00a0\u00a0\u00a0\u00a0\u00a0\u00a0\u00a0\u00a0\u00a0\u00a0\u00a0\u00a0\u00a0\u00a0\u00a0\u00a0\u00a0\u00a0\u00a0\u00a0\u00a0\u00a0\u00a0\u00a0\u00a0\u00a0\u00a0\u00a0\u00a0\u00a0\u00a0\u00a0\u00a0\u00a0\u00a0\u00a0\u00a0\u00a0\u00a0<\/b> <\/p>\n","protected":false},"excerpt":{"rendered":"<p>1.- S\u00cd, el olvido, la indiferencia y la pasividad en el obrar siguen marcando las expectativas\u00a0 y el real ambiente dentro del contexto\u00a0 fronterizo binacional, porque todos sus caminos parece que condujeran a la nada, porque nadie de poder, mando, orientaci\u00f3n o gu\u00eda\u00a0 nacionales\u00a0 y con facultades\u00a0 para influir\u00a0 en el marco de\u00a0 las vivencias &hellip;<\/p>\n","protected":false},"author":1,"featured_media":19531,"comment_status":"open","ping_status":"open","sticky":false,"template":"","format":"standard","meta":{"footnotes":""},"categories":[14,4],"tags":[303],"class_list":["post-19530","post","type-post","status-publish","format-standard","has-post-thumbnail","hentry","category-articulistas","category-barra","tag-jose-neira-rey"],"_links":{"self":[{"href":"https:\/\/contraluzcucuta.co\/index.php?rest_route=\/wp\/v2\/posts\/19530","targetHints":{"allow":["GET"]}}],"collection":[{"href":"https:\/\/contraluzcucuta.co\/index.php?rest_route=\/wp\/v2\/posts"}],"about":[{"href":"https:\/\/contraluzcucuta.co\/index.php?rest_route=\/wp\/v2\/types\/post"}],"author":[{"embeddable":true,"href":"https:\/\/contraluzcucuta.co\/index.php?rest_route=\/wp\/v2\/users\/1"}],"replies":[{"embeddable":true,"href":"https:\/\/contraluzcucuta.co\/index.php?rest_route=%2Fwp%2Fv2%2Fcomments&post=19530"}],"version-history":[{"count":1,"href":"https:\/\/contraluzcucuta.co\/index.php?rest_route=\/wp\/v2\/posts\/19530\/revisions"}],"predecessor-version":[{"id":19532,"href":"https:\/\/contraluzcucuta.co\/index.php?rest_route=\/wp\/v2\/posts\/19530\/revisions\/19532"}],"wp:featuredmedia":[{"embeddable":true,"href":"https:\/\/contraluzcucuta.co\/index.php?rest_route=\/wp\/v2\/media\/19531"}],"wp:attachment":[{"href":"https:\/\/contraluzcucuta.co\/index.php?rest_route=%2Fwp%2Fv2%2Fmedia&parent=19530"}],"wp:term":[{"taxonomy":"category","embeddable":true,"href":"https:\/\/contraluzcucuta.co\/index.php?rest_route=%2Fwp%2Fv2%2Fcategories&post=19530"},{"taxonomy":"post_tag","embeddable":true,"href":"https:\/\/contraluzcucuta.co\/index.php?rest_route=%2Fwp%2Fv2%2Ftags&post=19530"}],"curies":[{"name":"wp","href":"https:\/\/api.w.org\/{rel}","templated":true}]}}