{"id":19519,"date":"2013-09-27T17:47:14","date_gmt":"2013-09-27T22:47:14","guid":{"rendered":"http:\/\/contraluzcucuta.co\/?p=19519"},"modified":"2013-09-30T22:19:38","modified_gmt":"2013-10-01T03:19:38","slug":"avanza-construccion-del-complejo-acuatico","status":"publish","type":"post","link":"https:\/\/contraluzcucuta.co\/?p=19519","title":{"rendered":"Avanza construcci\u00f3n del complejo acu\u00e1tico"},"content":{"rendered":"<p><b>C\u00daCUTA.-<\/b> En el 2012, en los medios locales de comunicaci\u00f3n llovieron las cr\u00edticas por la falta de obras representativas para la ciudad con ocasi\u00f3n de los XIX Nacionales y III Paranacionales. Para el gobernador Edgar D\u00edaz era un reto el acondicionamiento de los escenarios para las justas deportivas, pero al analizar se dio cuenta de que no le quedar\u00eda nada a C\u00facuta. Por ello, dio la pelea ante Coldeportes para tener, en primera instancia, el complejo ten\u00edstico y ahora las piscinas.<\/p>\n<p>Cuando se anunci\u00f3 la construcci\u00f3n del complejo acu\u00e1tico, meses despu\u00e9s de terminadas los Juegos, los cucute\u00f1os no\u00a0 dieron credibilidad. Ahora, es un hecho y beneficiar\u00e1 a deportistas, comerciantes, hoteles, almacenes de cadena y vendedores ambulantes.<\/p>\n<p>La inversi\u00f3n ser\u00e1 de $ 11.669 millones y la ejecuci\u00f3n de la obra est\u00e1 a cargo del Consorcio Acu\u00e1tico Regional, que integran las compa\u00f1\u00edas Uribe y Abreo, Odinco y Constructora C\u00facuta.<\/p>\n<p>El proyecto consiste en la construcci\u00f3n de dos piscinas, una para competencias, que contar\u00e1 con\u00a0 medidas reglamentarias de 25 metros de ancho por 50 de largo, con 2,50 metros\u00a0 de profundidad. El foso de clavado\u00a0 ser\u00e1 de 25 metros de ancho por 20 de largo con 6 metros de profundidad. Las plataformas de lanzamiento ser\u00e1n de 10, 7 y 3 metros.<\/p>\n<p>\u201cLa\u00a0 antigua piscina ol\u00edmpica \u2018Carlos Ram\u00edrez Par\u00eds\u2019 se adecuar\u00e1 para el calentamiento, porque no cumple con la orientaci\u00f3n\u00a0 y las medidas que exige Coldeportes\u201d, dijo la Alta Consejera de Planes y Proyectos Especiales, Lucy Elena Ur\u00f3n Rinc\u00f3n.<\/p>\n<p>El complejo tendr\u00e1 salas de prensa, masajes, jueces, prellamados y control de resultados; bater\u00edas sanitarias, camerinos, gimnasio, \u00e1rea m\u00e9dica, cafeter\u00eda, cuarto de m\u00e1quinas y oficinas.<\/p>\n<p>La obra va en el 20 por ciento de ejecuci\u00f3n. El problema del retraso en un mes obedece a la aparici\u00f3n constante de las vigas de la antigua estructura. \u201cCada vez que aparece un problema lo asumen como un reto m\u00e1s. Ingenieros, arquitectos y obreros han hecho largas jornadas de trabajo que van hasta las 6:00 de la tarde\u201d, sostuvo Ur\u00f3n Rinc\u00f3n.<\/p>\n<p>La obra se ha convertido en fuente de empleo para los cucute\u00f1os. A pesar de la crisis econ\u00f3mica se han\u00a0 beneficiado varias personas que se vincularon al proyecto.<\/p>\n<p>El complejo acu\u00e1tico est\u00e1 junto al coliseo Toto Hern\u00e1ndez y el estadio General Santander. En marzo del 2014, podr\u00eda culminarse la obra y entregarse a la cuidad. As\u00ed quedar\u00edan atr\u00e1s las cr\u00edticas que en un comienzo surgieron en C\u00facuta, porque la capital de Norte de Santander desaprovechar\u00eda la organizaci\u00f3n de los juegos nacionales.<\/p>\n<p><b>MARCO S\u00daA<\/b><\/p>\n<p><a href=\"mailto:mjsua9112@hotmail.com\">mjsua9112@hotmail.com<\/a><\/p>\n<p>&nbsp;<\/p>\n<p>&nbsp; <\/p>\n","protected":false},"excerpt":{"rendered":"<p>C\u00daCUTA.- En el 2012, en los medios locales de comunicaci\u00f3n llovieron las cr\u00edticas por la falta de obras representativas para la ciudad con ocasi\u00f3n de los XIX Nacionales y III Paranacionales. Para el gobernador Edgar D\u00edaz era un reto el acondicionamiento de los escenarios para las justas deportivas, pero al analizar se dio cuenta de &hellip;<\/p>\n","protected":false},"author":1,"featured_media":19520,"comment_status":"open","ping_status":"open","sticky":false,"template":"","format":"standard","meta":{"footnotes":""},"categories":[74,28],"tags":[263,922],"class_list":["post-19519","post","type-post","status-publish","format-standard","has-post-thumbnail","hentry","category-aula-universitaria","category-vistazo-deportivo","tag-coldeportes","tag-complejo-acuatico-de-cucuta"],"_links":{"self":[{"href":"https:\/\/contraluzcucuta.co\/index.php?rest_route=\/wp\/v2\/posts\/19519","targetHints":{"allow":["GET"]}}],"collection":[{"href":"https:\/\/contraluzcucuta.co\/index.php?rest_route=\/wp\/v2\/posts"}],"about":[{"href":"https:\/\/contraluzcucuta.co\/index.php?rest_route=\/wp\/v2\/types\/post"}],"author":[{"embeddable":true,"href":"https:\/\/contraluzcucuta.co\/index.php?rest_route=\/wp\/v2\/users\/1"}],"replies":[{"embeddable":true,"href":"https:\/\/contraluzcucuta.co\/index.php?rest_route=%2Fwp%2Fv2%2Fcomments&post=19519"}],"version-history":[{"count":2,"href":"https:\/\/contraluzcucuta.co\/index.php?rest_route=\/wp\/v2\/posts\/19519\/revisions"}],"predecessor-version":[{"id":19566,"href":"https:\/\/contraluzcucuta.co\/index.php?rest_route=\/wp\/v2\/posts\/19519\/revisions\/19566"}],"wp:featuredmedia":[{"embeddable":true,"href":"https:\/\/contraluzcucuta.co\/index.php?rest_route=\/wp\/v2\/media\/19520"}],"wp:attachment":[{"href":"https:\/\/contraluzcucuta.co\/index.php?rest_route=%2Fwp%2Fv2%2Fmedia&parent=19519"}],"wp:term":[{"taxonomy":"category","embeddable":true,"href":"https:\/\/contraluzcucuta.co\/index.php?rest_route=%2Fwp%2Fv2%2Fcategories&post=19519"},{"taxonomy":"post_tag","embeddable":true,"href":"https:\/\/contraluzcucuta.co\/index.php?rest_route=%2Fwp%2Fv2%2Ftags&post=19519"}],"curies":[{"name":"wp","href":"https:\/\/api.w.org\/{rel}","templated":true}]}}