{"id":19506,"date":"2013-09-25T22:09:24","date_gmt":"2013-09-26T03:09:24","guid":{"rendered":"http:\/\/contraluzcucuta.co\/?p=19506"},"modified":"2013-09-25T22:09:24","modified_gmt":"2013-09-26T03:09:24","slug":"gramaloteros-exigieron-explicacion-por-entrega-de-cafe-de-contrabando","status":"publish","type":"post","link":"https:\/\/contraluzcucuta.co\/?p=19506","title":{"rendered":"Gramaloteros exigieron explicaci\u00f3n por entrega de caf\u00e9 de contrabando"},"content":{"rendered":"<p><b>C\u00daCUTA.-<\/b> Entre la canasta de mercado dado a los gramaloteros como parte de la ayuda social del Estado hab\u00eda una bolsa de caf\u00e9 brasile\u00f1o, ingresado a Colombia de Contrabando. La denuncia la hizo uno de los afectados por la destrucci\u00f3n del municipio, en diciembre del 2010.<\/p>\n<p>El hombre, ofuscado por los \u00faltimos hechos alrededor del reasentamiento de Gramalote, levant\u00f3 la voz para reclamar por qu\u00e9 les entregaban el producto extranjero y no el elaborado en el pa\u00eds. Mostr\u00f3 la bolsa de caf\u00e9 ante el asombro de los participantes en el conversatorio con los medios locales para explicarles c\u00f3mo avanza el proceso.<\/p>\n<p>El encuentro, organizado por la alianza Fondo Adaptaci\u00f3n \u2013 Universidad de Pamplona, Gobernaci\u00f3n de Norte de Santander y Alcald\u00eda de Gramalote, sirvi\u00f3 para aclarar inquietudes de los periodistas y de la comunidad afectada por la cat\u00e1strofe, ocurrida 34 meses atr\u00e1s.<\/p>\n<p>El gobernador (e) Gregorio Angarita Lamk\u00a0 rechaz\u00f3 la entrega de\u00a0 mercados a los gramaloteros con ese producto de contrabando. De inmediato comunic\u00f3 del hecho al gobernador Edgar D\u00edaz, quien solicit\u00f3 una explicaci\u00f3n inmediata a la Unidad de Gesti\u00f3n de Riesgo.<\/p>\n<p>Para la ocasi\u00f3n que corresponde a la entrega de los 1557, del 20 de agosto, y en aras de cumplir de manera puntual con el encargo, la UNGR contrat\u00f3 a varias personas para efectuar la compra. La explicaci\u00f3n descart\u00f3 cualquier malentendido en el que se vean inmiscuidas la Gobernaci\u00f3n o\u00a0 la Alcald\u00eda de Gramalote.<\/p>\n<p>En el conversatorio, \u00a0Gregorio Angarita pidi\u00f3 a las partes comprometidas con el reasentamiento de gramalote hablar claro y concreto en torno al cronograma, tiempos, adquisici\u00f3n de predios, plan de ordenamiento territorial, dise\u00f1os urban\u00edsticos, ejecuci\u00f3n de obras y entrega de viviendas.<\/p>\n<p>La alcaldesa Sonia Rodr\u00edguez asumi\u00f3 la responsabilidad por la falta de comunicaci\u00f3n con los gramaloteros en torno al avance del proceso y solicit\u00f3 continuar el camino para permitir el cumplimiento de las actividades programadas.<\/p>\n<p>En diciembre del 2015, deben entregarse las primeras casas a los beneficiados. El gobierno local solicit\u00f3 al Ministerio de la Vivienda otorgar 400 soluciones habitacionales para mitigar el faltante de techo al recomponerse la vida en el municipio.<\/p>\n<p>En torno a la discusi\u00f3n que persiste entre algunos habitantes sobre el sitio escogido para levantar el nuevo casco urbano, se record\u00f3 que el presidente Juan Manuel Santos anunci\u00f3 p\u00fablicamente que luego de estudios t\u00e9cnicos se determin\u00f3 que el predio adecuado es Miraflores.<\/p>\n<p>&nbsp; <\/p>\n","protected":false},"excerpt":{"rendered":"<p>C\u00daCUTA.- Entre la canasta de mercado dado a los gramaloteros como parte de la ayuda social del Estado hab\u00eda una bolsa de caf\u00e9 brasile\u00f1o, ingresado a Colombia de Contrabando. La denuncia la hizo uno de los afectados por la destrucci\u00f3n del municipio, en diciembre del 2010. El hombre, ofuscado por los \u00faltimos hechos alrededor del &hellip;<\/p>\n","protected":false},"author":1,"featured_media":19507,"comment_status":"open","ping_status":"open","sticky":false,"template":"","format":"standard","meta":{"footnotes":""},"categories":[32],"tags":[153],"class_list":["post-19506","post","type-post","status-publish","format-standard","has-post-thumbnail","hentry","category-recorrido-por-la-region","tag-nuevo-gramalote"],"_links":{"self":[{"href":"https:\/\/contraluzcucuta.co\/index.php?rest_route=\/wp\/v2\/posts\/19506","targetHints":{"allow":["GET"]}}],"collection":[{"href":"https:\/\/contraluzcucuta.co\/index.php?rest_route=\/wp\/v2\/posts"}],"about":[{"href":"https:\/\/contraluzcucuta.co\/index.php?rest_route=\/wp\/v2\/types\/post"}],"author":[{"embeddable":true,"href":"https:\/\/contraluzcucuta.co\/index.php?rest_route=\/wp\/v2\/users\/1"}],"replies":[{"embeddable":true,"href":"https:\/\/contraluzcucuta.co\/index.php?rest_route=%2Fwp%2Fv2%2Fcomments&post=19506"}],"version-history":[{"count":2,"href":"https:\/\/contraluzcucuta.co\/index.php?rest_route=\/wp\/v2\/posts\/19506\/revisions"}],"predecessor-version":[{"id":19509,"href":"https:\/\/contraluzcucuta.co\/index.php?rest_route=\/wp\/v2\/posts\/19506\/revisions\/19509"}],"wp:featuredmedia":[{"embeddable":true,"href":"https:\/\/contraluzcucuta.co\/index.php?rest_route=\/wp\/v2\/media\/19507"}],"wp:attachment":[{"href":"https:\/\/contraluzcucuta.co\/index.php?rest_route=%2Fwp%2Fv2%2Fmedia&parent=19506"}],"wp:term":[{"taxonomy":"category","embeddable":true,"href":"https:\/\/contraluzcucuta.co\/index.php?rest_route=%2Fwp%2Fv2%2Fcategories&post=19506"},{"taxonomy":"post_tag","embeddable":true,"href":"https:\/\/contraluzcucuta.co\/index.php?rest_route=%2Fwp%2Fv2%2Ftags&post=19506"}],"curies":[{"name":"wp","href":"https:\/\/api.w.org\/{rel}","templated":true}]}}