{"id":19502,"date":"2013-09-25T21:41:02","date_gmt":"2013-09-26T02:41:02","guid":{"rendered":"http:\/\/contraluzcucuta.co\/?p=19502"},"modified":"2013-09-25T21:41:02","modified_gmt":"2013-09-26T02:41:02","slug":"cuatro-mil-internos-de-la-carcel-de-cucuta-celebraron-jubileo","status":"publish","type":"post","link":"https:\/\/contraluzcucuta.co\/?p=19502","title":{"rendered":"Cuatro mil internos de la c\u00e1rcel de C\u00facuta celebraron jubileo"},"content":{"rendered":"<p><b>C\u00daCUTA.-<\/b> Internos(as), personal de seguridad y administrativos de la Penitenciar\u00eda de C\u00facuta participaron con entusiasmo en la jornada especial de j\u00fabilo y gracia. La celebraci\u00f3n religiosa se cumpli\u00f3 en el D\u00eda de la Virgen de la Merced, patrona de los reclusos.<\/p>\n<p>El complejo carcelario se llen\u00f3 con sonrisas sinceras, expresiones de tranquilidad y deseo profundo de acogerse a la misericordia de Dios Padre. Al cierre de la semana de fiesta en honor a la santa patrona, los presos recibieron con alegr\u00eda la visita de monse\u00f1or Julio C\u00e9sar Vidal Ortiz.<\/p>\n<p>El Obispo de C\u00facuta,\u00a0 acompa\u00f1ado por 30 sacerdotes y 70 laicos, presidi\u00f3 el jubileo y la indulgencia plenaria para hombres y mujeres privados de la libertad.<\/p>\n<p>\u201cLa Iglesia, que contin\u00faa la obra de Cristo, se hace presente en las dos c\u00e1rceles para mostrar el amor infinito de Dios. Ella, que es madre y maestra, acoge a toda persona e invita a hombres y mujeres a la conversi\u00f3n\u201d, dijo monse\u00f1or Vidal.<\/p>\n<p>Al referirse al sentido de la jornada, que se cumple en el A\u00f1o de la Fe, afirm\u00f3 que \u201cel Papa (Francisco) nos ha pedido que las gracias, los bienes y los dones que vienen de lo alto lleguen al mayor n\u00famero de personas\u201d.<\/p>\n<p>A las 8:00 de la ma\u00f1ana, la comitiva evangelizadora inici\u00f3 el recorrido por los 32 pabellones del penal. Los visitantes impartieron catequesis y posteriormente se celebr\u00f3 de manera simult\u00e1nea la sagrada eucarist\u00eda en los distintos patios.<\/p>\n<p>En la capilla central monse\u00f1or Julio C\u00e9sar Vidal administr\u00f3 el sacramento de la Confirmaci\u00f3n a 96 hombres y mujeres. La preparaci\u00f3n la adelantaron de la mano del capell\u00e1n Luis Enrique Sequeda y recibieron el Esp\u00edritu Santo que les anima a la vivencia comprometida de fe, siendo disc\u00edpulos misioneros que anuncian el Evangelio\u00a0 y dan testimonio de vida cristiana.<\/p>\n<p>\u201cUstedes son libres\u201d, le dijo el Obispo a los internos al recordarles que la misericordia de Jesucristo que se entreg\u00f3 por el perd\u00f3n de las culpas tambi\u00e9n ha tocado su vida libr\u00e1ndolos del pecado e invit\u00e1ndolos a hacerse fuertes ante la tentaci\u00f3n del maligno. \u00a0El prelado, tambi\u00e9n, los anim\u00f3 a\u00a0 perseverar en la conversi\u00f3n.<\/p>\n<p>&nbsp; <\/p>\n","protected":false},"excerpt":{"rendered":"<p>C\u00daCUTA.- Internos(as), personal de seguridad y administrativos de la Penitenciar\u00eda de C\u00facuta participaron con entusiasmo en la jornada especial de j\u00fabilo y gracia. La celebraci\u00f3n religiosa se cumpli\u00f3 en el D\u00eda de la Virgen de la Merced, patrona de los reclusos. El complejo carcelario se llen\u00f3 con sonrisas sinceras, expresiones de tranquilidad y deseo profundo &hellip;<\/p>\n","protected":false},"author":1,"featured_media":19503,"comment_status":"open","ping_status":"open","sticky":false,"template":"","format":"standard","meta":{"footnotes":""},"categories":[6],"tags":[920],"class_list":["post-19502","post","type-post","status-publish","format-standard","has-post-thumbnail","hentry","category-ojo-avizor","tag-jubileo-de-reclusos"],"_links":{"self":[{"href":"https:\/\/contraluzcucuta.co\/index.php?rest_route=\/wp\/v2\/posts\/19502","targetHints":{"allow":["GET"]}}],"collection":[{"href":"https:\/\/contraluzcucuta.co\/index.php?rest_route=\/wp\/v2\/posts"}],"about":[{"href":"https:\/\/contraluzcucuta.co\/index.php?rest_route=\/wp\/v2\/types\/post"}],"author":[{"embeddable":true,"href":"https:\/\/contraluzcucuta.co\/index.php?rest_route=\/wp\/v2\/users\/1"}],"replies":[{"embeddable":true,"href":"https:\/\/contraluzcucuta.co\/index.php?rest_route=%2Fwp%2Fv2%2Fcomments&post=19502"}],"version-history":[{"count":2,"href":"https:\/\/contraluzcucuta.co\/index.php?rest_route=\/wp\/v2\/posts\/19502\/revisions"}],"predecessor-version":[{"id":19505,"href":"https:\/\/contraluzcucuta.co\/index.php?rest_route=\/wp\/v2\/posts\/19502\/revisions\/19505"}],"wp:featuredmedia":[{"embeddable":true,"href":"https:\/\/contraluzcucuta.co\/index.php?rest_route=\/wp\/v2\/media\/19503"}],"wp:attachment":[{"href":"https:\/\/contraluzcucuta.co\/index.php?rest_route=%2Fwp%2Fv2%2Fmedia&parent=19502"}],"wp:term":[{"taxonomy":"category","embeddable":true,"href":"https:\/\/contraluzcucuta.co\/index.php?rest_route=%2Fwp%2Fv2%2Fcategories&post=19502"},{"taxonomy":"post_tag","embeddable":true,"href":"https:\/\/contraluzcucuta.co\/index.php?rest_route=%2Fwp%2Fv2%2Ftags&post=19502"}],"curies":[{"name":"wp","href":"https:\/\/api.w.org\/{rel}","templated":true}]}}