{"id":19472,"date":"2013-09-23T20:04:18","date_gmt":"2013-09-24T01:04:18","guid":{"rendered":"http:\/\/contraluzcucuta.co\/?p=19472"},"modified":"2013-09-23T20:04:18","modified_gmt":"2013-09-24T01:04:18","slug":"el-problema-de-las-basuras-un-asunto-de-dignidad","status":"publish","type":"post","link":"https:\/\/contraluzcucuta.co\/?p=19472","title":{"rendered":"El   problema  de  las  basuras:   un  asunto   de  dignidad"},"content":{"rendered":"<p>Al ciudadano del com\u00fan \u00a0le resulta inexplicable, irresponsable, inaudito,\u00a0 indignante y absurdo que una empresa privada, que tuvo la feliz ocasi\u00f3n de ser la escogida mediante un proceso de concesi\u00f3n, para la \u00e9poca cuestionado, cuyas obligaciones y\u00a0 funciones son el mantener la ciudad cuidada, aseada, presentada, agradable, atractiva, higienizada y hasta bonita, \u00a0pretenda a estas alturas convertirla en un reservorio de desechos externos, trayendo detritus, escorias, sobras, inmundicias, impurezas y todas \u00a0las dem\u00e1s contingencias relativas a la\u00a0 profanaci\u00f3n y a la contaminaci\u00f3n\u00a0 ambiental, con las consecuencias y resultantes, producto de estas inadecuadas e inoportunas decisiones ultrajantes y \u00a0antis\u00e9pticas.<\/p>\n<p>Por todas las circunstancias anteriores, la ciudadan\u00eda\u00a0 espera en forma conveniente, seria, responsable y precisa la posici\u00f3n de\u00a0 todas las organizaciones, p\u00fablicas y privadas,\u00a0 que emitan su concepto sobre la afrenta a que est\u00e1 expuesta la ciudad, porque es en estos casos donde se calibra el verdadero peso espec\u00edfico de las instituciones, en cuanto a responsabilidad social, credibilidad, convocatoria y liderazgo. Tienen la palabra la C\u00e1mara de Comercio,\u00a0 gremios, iglesias, sindicatos, cooperativas, asociaciones, ediles, juntas de acci\u00f3n comunal y dem\u00e1s estamentos existentes a expresarse clara y contundentemente, porque todos vivimos, pertenecemos y\u00a0 somos de este entorno, llamado C\u00facuta.<\/p>\n<p>No queremos siquiera mencionar la clase pol\u00edtica local, departamental y nacional, porque se intuye que cada uno de ellos, al acceder a sus funciones, lo primero que hicieron fue jurar cumplir con la Constituci\u00f3n\u00a0 y las leyes, y este es un buen momento, tambi\u00e9n, para sopesar sus posiciones.<\/p>\n<p>Concretando el tema, independientemente de las obligaciones que todos tenemos como ciudadanos, es necesario sucintamente buscar explicaciones, el \u00a0por qu\u00e9 siempre Bucaramanga, hist\u00f3ricamente, nos tiene, necesita o busca para montar escenarios degradantes. \u00bfAcaso no recordamos cuando desde all\u00e1, luego de recoger toda clase de pordioseros, dementes y dem\u00e1s \u201chabitantes de la calle\u201d, la Polic\u00eda nos los enviaba y eran descargados en Los Patios? Un conocido comerciante le dec\u00eda a su vecino en el centro: \u201ctenemos nuevo vecino, \u00bfya lo conoci\u00f3?\u201d refiri\u00e9ndose a uno de estos seres, tambi\u00e9n desprotegidos por el Estado.<\/p>\n<p>Conclusi\u00f3n:\u00a0 La decisi\u00f3n de traer la basura que producen los bumangueses es un asunto de elemental dignidad de verg\u00fcenza ciudadana, que no s\u00f3lo atenta contra las normas ambientales e higi\u00e9nicas, sino contra el decoro y la decencia de los cucute\u00f1os.<\/p>\n<p>Hace varios\u00a0 per\u00edodos, diferentes alcaldes, all\u00e1, no han podido solucionar el problema de \u2018El Carrasco, porque en los municipios metropolitanos, donde existen suficientes sitios para construir el botadero, la ciudadan\u00eda ha protestado, como en Gir\u00f3n y Lebrija.<\/p>\n<p>Dejemos que all\u00e1 solucionen el problema y no cometamos atropellos c\u00edvicos, \u201cpor unos\u00a0 d\u00f3lares m\u00e1s\u201d. Recordemos la frase\u00a0 de Eustorgio Colmenares: \u201cEl que envenen\u00f3 la perra, que la bote\u201d.<\/p>\n<p><b>CIRO A.RAMIREZ DAVILA<\/b><\/p>\n<p>&nbsp; <\/p>\n","protected":false},"excerpt":{"rendered":"<p>Al ciudadano del com\u00fan \u00a0le resulta inexplicable, irresponsable, inaudito,\u00a0 indignante y absurdo que una empresa privada, que tuvo la feliz ocasi\u00f3n de ser la escogida mediante un proceso de concesi\u00f3n, para la \u00e9poca cuestionado, cuyas obligaciones y\u00a0 funciones son el mantener la ciudad cuidada, aseada, presentada, agradable, atractiva, higienizada y hasta bonita, \u00a0pretenda a estas &hellip;<\/p>\n","protected":false},"author":1,"featured_media":19473,"comment_status":"open","ping_status":"open","sticky":false,"template":"","format":"standard","meta":{"footnotes":""},"categories":[541,4,347],"tags":[913,909],"class_list":["post-19472","post","type-post","status-publish","format-standard","has-post-thumbnail","hentry","category-ciudad","category-barra","category-medio-ambiente","tag-aseo-urbano","tag-basuras"],"_links":{"self":[{"href":"https:\/\/contraluzcucuta.co\/index.php?rest_route=\/wp\/v2\/posts\/19472","targetHints":{"allow":["GET"]}}],"collection":[{"href":"https:\/\/contraluzcucuta.co\/index.php?rest_route=\/wp\/v2\/posts"}],"about":[{"href":"https:\/\/contraluzcucuta.co\/index.php?rest_route=\/wp\/v2\/types\/post"}],"author":[{"embeddable":true,"href":"https:\/\/contraluzcucuta.co\/index.php?rest_route=\/wp\/v2\/users\/1"}],"replies":[{"embeddable":true,"href":"https:\/\/contraluzcucuta.co\/index.php?rest_route=%2Fwp%2Fv2%2Fcomments&post=19472"}],"version-history":[{"count":1,"href":"https:\/\/contraluzcucuta.co\/index.php?rest_route=\/wp\/v2\/posts\/19472\/revisions"}],"predecessor-version":[{"id":19474,"href":"https:\/\/contraluzcucuta.co\/index.php?rest_route=\/wp\/v2\/posts\/19472\/revisions\/19474"}],"wp:featuredmedia":[{"embeddable":true,"href":"https:\/\/contraluzcucuta.co\/index.php?rest_route=\/wp\/v2\/media\/19473"}],"wp:attachment":[{"href":"https:\/\/contraluzcucuta.co\/index.php?rest_route=%2Fwp%2Fv2%2Fmedia&parent=19472"}],"wp:term":[{"taxonomy":"category","embeddable":true,"href":"https:\/\/contraluzcucuta.co\/index.php?rest_route=%2Fwp%2Fv2%2Fcategories&post=19472"},{"taxonomy":"post_tag","embeddable":true,"href":"https:\/\/contraluzcucuta.co\/index.php?rest_route=%2Fwp%2Fv2%2Ftags&post=19472"}],"curies":[{"name":"wp","href":"https:\/\/api.w.org\/{rel}","templated":true}]}}